{"id":16717,"date":"2022-09-21T18:06:00","date_gmt":"2022-09-21T18:06:00","guid":{"rendered":"http:\/\/gdlfashion.com\/?p=16717"},"modified":"2022-10-02T18:29:05","modified_gmt":"2022-10-02T18:29:05","slug":"adriana-macias","status":"publish","type":"post","link":"https:\/\/gdlfashion.com\/?p=16717","title":{"rendered":"Adriana Macias"},"content":{"rendered":"\n<h3 class=\"wp-block-heading\">M\u00e1xima Exponente Motivacional en el Mundo<\/h3>\n\n\n\n<figure class=\"wp-block-image size-large is-resized\"><a href=\"https:\/\/bit.ly\/3BEnYsu\"><img loading=\"lazy\" decoding=\"async\" src=\"http:\/\/gdlfashion.com\/wp-content\/uploads\/2022\/09\/2daSep22-819x1024.jpg\" alt=\"\" class=\"wp-image-16718\" width=\"292\" height=\"365\" srcset=\"https:\/\/gdlfashion.com\/wp-content\/uploads\/2022\/09\/2daSep22-819x1024.jpg 819w, https:\/\/gdlfashion.com\/wp-content\/uploads\/2022\/09\/2daSep22-240x300.jpg 240w, https:\/\/gdlfashion.com\/wp-content\/uploads\/2022\/09\/2daSep22-768x960.jpg 768w, https:\/\/gdlfashion.com\/wp-content\/uploads\/2022\/09\/2daSep22-1229x1536.jpg 1229w, https:\/\/gdlfashion.com\/wp-content\/uploads\/2022\/09\/2daSep22-1638x2048.jpg 1638w, https:\/\/gdlfashion.com\/wp-content\/uploads\/2022\/09\/2daSep22.jpg 1659w\" sizes=\"(max-width: 292px) 100vw, 292px\" \/><\/a><\/figure>\n\n\n\n<p>Adriana Mac\u00ecas es una mujer incre\u00edblemente fuerte e inspiradora que a base de un trabajo extraordinario es hoy por hoy la conferencista motivacional #1 en el mundo.&nbsp;&nbsp;Con 4 libros publicados, numerosos reconocimientos a nivel internacional y vendedora de mas de 10,000 ejemplares de su obra \u201cEnam\u00f3rate de ti\u201d hoy nos relata como vivir la mejor historia de amor con el amor de nuestra vida, nosotros mismos. <\/p>\n\n\n\n<p>Por: Lucia melo<\/p>\n\n\n\n<p><strong>Adriana, es un honor platicar contigo, plat\u00edcales a nuestros lectores \u00bfc\u00f3mo una licenciada en derecho, con especializaci\u00f3n en recursos humanos se convirti\u00f3 en la m\u00e1xima exponente de las conferencias motivacionales en el mundo?<\/strong><\/p>\n\n\n\n<p><em>No es algo que sucediera de la noche a la ma\u00f1ana, es una labor, un compromiso y un trabajo arduo ya de 23 a\u00f1os que he podido hacer gracias a mi familia, mi equipo de trabajo, y ha sido verdaderamente un regalo para m\u00ec el haber tenido esta oportunidad<\/em><em>, honestamente yo siempre ten\u00eda esta mentalidad de encontrar un trabajo como abogada con alg\u00fan despacho, con alguna empresa, pero era un M\u00e9xico nuevo y en ese momento no logr\u00e9 abrir esa oportunidad, y la vida me fue encausando en dar conferencias y prestarme los escenarios para poder cumplir con mi misi\u00f3n de servir, que era mi primer objetivo, mi principal sue\u00f1o, el poder ser \u00fatil y ser rec\u00edproca a todos los apoyos, el cari\u00f1o, a toda la ayuda que me hab\u00eda dado mi familia, quer\u00eda cumplir esa funci\u00f3n y cre\u00ed que a trav\u00e9s de mi profesi\u00f3n lo iba a lograr pero la vida siempre te da sorpresas y es la vida que me ha permitido a trav\u00e9s de mis conferencias cumplir con esa misi\u00f3n, que es una gran misi\u00f3n porque tienes el compromiso de compartir con muchas personas y esto me ha inspirado y me he comprometido a cada d\u00eda aprender m\u00e1s, a prepararme m\u00e1s para compartir con las personas las mejores herramientas y estrategias que puedan poner en practica para lograr sus sue\u00f1os y sus metas.<\/em><\/p>\n\n\n\n<figure class=\"wp-block-image size-large is-resized\"><a href=\"https:\/\/bit.ly\/3BEnYsu\"><img loading=\"lazy\" decoding=\"async\" src=\"http:\/\/gdlfashion.com\/wp-content\/uploads\/2022\/09\/GDLFashion-2da-Sep-202225-1024x640.jpg\" alt=\"\" class=\"wp-image-16719\" width=\"387\" height=\"241\" srcset=\"https:\/\/gdlfashion.com\/wp-content\/uploads\/2022\/09\/GDLFashion-2da-Sep-202225-1024x640.jpg 1024w, https:\/\/gdlfashion.com\/wp-content\/uploads\/2022\/09\/GDLFashion-2da-Sep-202225-300x188.jpg 300w, https:\/\/gdlfashion.com\/wp-content\/uploads\/2022\/09\/GDLFashion-2da-Sep-202225-768x480.jpg 768w, https:\/\/gdlfashion.com\/wp-content\/uploads\/2022\/09\/GDLFashion-2da-Sep-202225-1536x960.jpg 1536w, https:\/\/gdlfashion.com\/wp-content\/uploads\/2022\/09\/GDLFashion-2da-Sep-202225-2048x1280.jpg 2048w\" sizes=\"(max-width: 387px) 100vw, 387px\" \/><\/a><\/figure>\n\n\n\n<p><strong>\u00bfC\u00f3mo definir\u00edas el amor propio? Y \u00bfc\u00f3mo llegaste a priorizarlo en tu vida?<\/strong><\/p>\n\n\n\n<p><em>Creo que es el amor, el respeto, la consideraci\u00f2n, el concepto, la aceptaci\u00f2n que tenemos hacia nosotros mismos, pero de una manera libre, real, honesta, no desde la aprobaci\u00f2n de los dem\u00e0s, no desde lo que vemos en los medios de comunicaci\u00f2n, en las redes sociales que de repente nos confunden, que si ya traemos la ropa de marca, el peinado de moda, si cumplimos con todas estas situaciones que vemos a nuestro alrededor y si las logramos cumplir todas, que padre, pero eso no es el amor propio, el amor propio es tener esta aceptaci\u00f2n desde nuestra esencia, yo llegue a priorizarlo en mi vida, honestamente recientemente, porque yo si fui una mujer que siempre estaba en esta b\u00f9squeda de aceptaci\u00f2n yo si me&nbsp;<\/em><em>sent\u00eda menos mujer por mi f\u00edsico y me sent\u00eda en una deuda enorme con todas las personas que de alguna manera me brindaban su amor, su compa\u00f1\u00eda, su presencia y esto gener\u00f2 inseguridad en m\u00ed ansiedad, depresi\u00f3n, decepciones que yo hab\u00eda escondido en un trabajo arduo de optimismo, lo envolv\u00eda en optimismo diciendo es esto lo que me toc\u00f3 vivir y lo que tengo que enfrentar, pero al nacer mi hija tengo el gran regalo de darme cuenta que nosotros no tenemos porque vivir buscando agradar a los dem\u00e1s ni porque tener que sentirnos completos para los dem\u00e1s, todo lo contrario, tenemos que trabajar primero para nuestro bienestar, nuestra paz espiritual, nuestra libertad emocional y cuando nos sentimos as\u00ed es cuando llega el amor propio como una prioridad y curiosamente todas las \u00e1reas a tu alrededor, las funciones, cosas, personas comienzan a tomar su correcto lugar, yo pienso que todo se empieza a ordenar de una manera que parece m\u00e1gica pero no es as\u00ed hay un trabajo personal que tenemos que hacer de realmente creernos ese amor propio y de confiar en el, de sentir al 100% de que as\u00ed como somos, as\u00ed como estamos, con lo que pensamos con lo que sentimos est\u00e1 bien y no tienes porqu\u00e9 esforzarte en cambiarlo.<\/em><\/p>\n\n\n\n<p><strong>A lo largo de nuestra vida hemos cre\u00eddo que el final feliz es encontrar el amor de nuestras vidas, esa pareja que idealizamos y que sin ella no encontramos sentido a nuestra vida, con esperar el pr\u00edncipe azul y el cuento de hadas, pero \u00bfc\u00f3mo dar amor si no somos capaces de amarnos a nosotros primero?, que tips nos puedes dar para llegar a amarnos tanto que el tener una pareja sea por el placer de compartir nuestra felicidad no de complementarla, y para los que tenemos hijos adolescentes para que en esta etapa de tantos cambios se amen y se acepten?<\/strong><\/p>\n\n\n\n<p><em>Aqu\u00ed hay varias respuestas, la verdad es que nosotros creemos que damos amor a los dem\u00e0s cuando no hemos trabajado la autoestima, el amor propio y lo \u00f9nico que estamos haciendo es dar cosas equivocadas, porque si nosotros no nos estamos dando el lugar, el valor y el respeto correcto dificilmente se lo vas a dar a alguien m\u00e0s y aunque tu creas que le estas dando todo tu amor&nbsp;<\/em><em>y que estas entregando todo, honestamente le estas entregando algo que jam\u00e1s te pidi\u00f3 por eso viene ese conflicto, ese choque de parejas, de repente tu dices, te lo di todo, te di mi vida entera y al final esa persona te podr\u00e1 decir pero yo jam\u00e1s te lo ped\u00ed, y estar\u00e1 en toda la raz\u00f3n y es por esto que no podemos recargar nuestra felicidad en los hombros de nadie m\u00e1s, es algo dif\u00edcil de asimilar pero es una realidad, nuestra felicidad es \u00fanica y exclusivamente nuestra responsabilidad, nadie esta para complementarnos, ni una profesi\u00f3n, ni una persona, ni cosas materiales, as\u00ed como nacimos ya estamos completos, no necesitamos ni siquiera una pr\u00f3tesis, lo \u00fanico que necesitamos es creer que lo que esta afuera simplemente suma a todo lo que est\u00e1 dentro de nosotros.&nbsp;&nbsp;Y para que nuestros hijos en la adolescencia se amen y se acepten yo conf\u00edo plenamente es que la mejor manera de ense\u00f1arles a nuestros hijos es a trav\u00e9s del ejemplo, si nuestros hijos ven a unos pap\u00e1s que dif\u00edcilmente est\u00e1n tranquilos con lo que tienen, que se sienten incompletos, que siempre quieren quedar bien con los dem\u00e1s pues es lo que van a aprender, es por esto que debemos dar ese paso de hacer ese trabajo personal que hacemos como pap\u00e1s para poderles ense\u00f1ar con el ejemplo.<\/em><\/p>\n\n\n\n<figure class=\"wp-block-image size-large is-resized\"><a href=\"https:\/\/bit.ly\/3BEnYsu\"><img loading=\"lazy\" decoding=\"async\" src=\"http:\/\/gdlfashion.com\/wp-content\/uploads\/2022\/09\/GDLFashion-2da-Sep-202226-1024x640.jpg\" alt=\"\" class=\"wp-image-16720\" width=\"428\" height=\"267\" srcset=\"https:\/\/gdlfashion.com\/wp-content\/uploads\/2022\/09\/GDLFashion-2da-Sep-202226-1024x640.jpg 1024w, https:\/\/gdlfashion.com\/wp-content\/uploads\/2022\/09\/GDLFashion-2da-Sep-202226-300x188.jpg 300w, https:\/\/gdlfashion.com\/wp-content\/uploads\/2022\/09\/GDLFashion-2da-Sep-202226-768x480.jpg 768w, https:\/\/gdlfashion.com\/wp-content\/uploads\/2022\/09\/GDLFashion-2da-Sep-202226-1536x960.jpg 1536w, https:\/\/gdlfashion.com\/wp-content\/uploads\/2022\/09\/GDLFashion-2da-Sep-202226-2048x1280.jpg 2048w\" sizes=\"(max-width: 428px) 100vw, 428px\" \/><\/a><\/figure>\n\n\n\n<p><strong>Algo que a mi me ha funcionado para reencontrarme es buscar las cosas que me gusta hacer, \u00bfcu\u00e1l es la actividad favorita de Adriana Mac\u00edas?<\/strong><\/p>\n\n\n\n<p><em>La verdad es que no tengo algo favorito, todas las cosas que hago en su momento se convierten en favoritas, yo creo que lo m\u00e0s importante de cada una de las actividades es dedicarles el tiempo a conciencia en paz, sin ansiedad de decir, estoy en el trabajo pero estoy pensando en mis hijos quisera estar con ellos, pero estas con ellos y estas pensando en los pendientes que dejaste en el trabajo o estas de vacaciones y quieres estar haciendo otra cosa, si nuestra mente no est\u00e0 en la actividad que estas haciendo, pues no la vas a disfrutar y dificilmente vas a pensar que alguna de ellas es tu favorita.&nbsp;&nbsp;Yo disfruto mucho la oportunidad que tengo de dar conferencias las disfruto plenamente, cuando estoy con mi hija me desbordo de atenci\u00f2n de amor con ella, o si estoy con mis compa\u00f1eros de trabajo doy toda mi atenci\u00f2n, entonces lo importante es estar en los distintos roles al 100% contento de lo que estas haciendo.<\/em><em><\/em><\/p>\n\n\n\n<p><strong>T\u00fa eres el claro ejemplo de que no hay imposibles cuando las cosas se hacen con dedicaci\u00f3n y desde el amor, tienes un r\u00e9cord guinnes, has sido parte de la ONU, embajadora, incluso te vimos participando en el fashion fest en el 2019 entre m\u00faltiples eventos que has engalanado, \u00bfqu\u00e9 les dices a las mujeres que est\u00e1n pasando por un momento complicado o de depresi\u00f3n, que sienten que no pueden salir adelante?<\/strong><\/p>\n\n\n\n<p><em>En distintas etapas todas las personas es posible que pasemos por una etapa de depresi\u00f2n y pienso que es&nbsp;<\/em><em>normal porque al principio entendemos que tenemos que buscar algo afuera para construirnos por dentro y cuando nos damos cuenta que no hay necesidad de buscar nada afuera que todo lo que necesitas est\u00e1<\/em><em>\u00e0 dentro de ti, pues viene esa depresi\u00f3n y esa decepci\u00f3n.&nbsp;&nbsp;Cuando yo he tenido estos momentos, que han sido varios, no es solo uno la realidad es que en la vida tendremos varios momentos as\u00ed, lo importante es dedicarnos a construir algo en nosotros, cuando le dedicamos tiempo, esfuerzo, mente, coraz\u00f3n, algo que construye en nosotros como yo lo he dedicado a escribir en su momento, a dise\u00f1ar ropa, hoy en d\u00eda a tocar el chelo pues ha sido para construir una parte de m\u00ed que se rompi\u00f3, que necesitaba construirse por algo que estaba afuera, as\u00ed que lo m\u00e1s importante es dedicar nuestro tiempo, nuestra mente, nuestro amor y nuestra energ\u00eda en algo que construya nuestro interior, que construya en nosotros, si una vez que haces esto sigues sintiendo esa depresi\u00f3n entonces debemos revisarnos con un especialista porque algo no anda bien y posiblemente tu cuerpo no este generando las sustancias necesarias, las endorfinas para tener este equilibrio y esta construcci\u00f3n de la realidad como es.<\/em><\/p>\n\n\n\n<figure class=\"wp-block-image size-large is-resized\"><a href=\"https:\/\/bit.ly\/3BEnYsu\"><img loading=\"lazy\" decoding=\"async\" src=\"http:\/\/gdlfashion.com\/wp-content\/uploads\/2022\/09\/GDLFashion-2da-Sep-202227-1024x640.jpg\" alt=\"\" class=\"wp-image-16721\" width=\"431\" height=\"269\" srcset=\"https:\/\/gdlfashion.com\/wp-content\/uploads\/2022\/09\/GDLFashion-2da-Sep-202227-1024x640.jpg 1024w, https:\/\/gdlfashion.com\/wp-content\/uploads\/2022\/09\/GDLFashion-2da-Sep-202227-300x188.jpg 300w, https:\/\/gdlfashion.com\/wp-content\/uploads\/2022\/09\/GDLFashion-2da-Sep-202227-768x480.jpg 768w, https:\/\/gdlfashion.com\/wp-content\/uploads\/2022\/09\/GDLFashion-2da-Sep-202227-1536x960.jpg 1536w, https:\/\/gdlfashion.com\/wp-content\/uploads\/2022\/09\/GDLFashion-2da-Sep-202227-2048x1280.jpg 2048w\" sizes=\"(max-width: 431px) 100vw, 431px\" \/><\/a><\/figure>\n\n\n\n<p><strong>Enam\u00f3rate de Ti, tu m\u00e1s reciente publicaci\u00f3n es un libro que debe acompa\u00f1arnos, es una gu\u00eda que nos recuerda que el arte de amar consiste en primero amarnos y conocernos a nosotros mismos, ah\u00ed es en donde esta el verdadero arte, \u00bfEn d\u00f3nde podemos adquirirlo?<\/strong><\/p>\n\n\n\n<p><em>Lo pueden adquirir&nbsp;<\/em><em>a trav\u00e9s del sitio web:&nbsp;<\/em><a href=\"https:\/\/adrianamacias.com\/libros-adriana-macias\/\"><em>https:\/\/adrianamacias.com\/libros-adriana-macias\/<\/em><\/a><em>&nbsp;y m\u00e1s informaci\u00f3n en el 33 23 60 2655.<\/em><\/p>\n\n\n\n<p>Adriana, muchas gracias por compartir tu experiencia, tu conocimiento, pero sobre todo por ser una inspiraci\u00f3n para todos, por dejar una marca positiva en el mundo por contagiarnos tu positivismo y tu buen humor, por abrazarnos a trav\u00e9s de tus palabras.<\/p>\n\n\n\n<p>Sigan a Adriana Mac\u00edas a trav\u00e9s de sus redes sociales para que conozcan fechas y lugares de sus presentaciones, que son verdaderamente imperdibles,&nbsp;adem\u00e1s de sorpresas que tiene.<\/p>\n\n\n\n<p>Hasta la pr\u00f3xima.<\/p>\n\n\n\n<p>Web: adrianamacias.com<\/p>\n\n\n\n<p>Instagram: @adriana_macias_oficial<\/p>\n\n\n\n<p>Facebook: AdrianaMaciasOficial<\/p>\n\n\n\n<p>TikTok: @adrianamaciasoficial<\/p>\n\n\n\n<p>YouTube: Adriana Macias<\/p>\n\n\n\n<p>Twitter: @adrianamacias_<\/p>\n","protected":false},"excerpt":{"rendered":"<p>M\u00e1xima Exponente Motivacional en el Mundo Adriana Mac\u00ecas es una mujer incre\u00edblemente fuerte e inspiradora que a base de un&hellip;<\/p>\n","protected":false},"author":2,"featured_media":16723,"comment_status":"open","ping_status":"closed","sticky":true,"template":"","format":"standard","meta":{"footnotes":""},"categories":[412,1],"tags":[],"_links":{"self":[{"href":"https:\/\/gdlfashion.com\/index.php?rest_route=\/wp\/v2\/posts\/16717"}],"collection":[{"href":"https:\/\/gdlfashion.com\/index.php?rest_route=\/wp\/v2\/posts"}],"about":[{"href":"https:\/\/gdlfashion.com\/index.php?rest_route=\/wp\/v2\/types\/post"}],"author":[{"embeddable":true,"href":"https:\/\/gdlfashion.com\/index.php?rest_route=\/wp\/v2\/users\/2"}],"replies":[{"embeddable":true,"href":"https:\/\/gdlfashion.com\/index.php?rest_route=%2Fwp%2Fv2%2Fcomments&post=16717"}],"version-history":[{"count":2,"href":"https:\/\/gdlfashion.com\/index.php?rest_route=\/wp\/v2\/posts\/16717\/revisions"}],"predecessor-version":[{"id":16725,"href":"https:\/\/gdlfashion.com\/index.php?rest_route=\/wp\/v2\/posts\/16717\/revisions\/16725"}],"wp:featuredmedia":[{"embeddable":true,"href":"https:\/\/gdlfashion.com\/index.php?rest_route=\/wp\/v2\/media\/16723"}],"wp:attachment":[{"href":"https:\/\/gdlfashion.com\/index.php?rest_route=%2Fwp%2Fv2%2Fmedia&parent=16717"}],"wp:term":[{"taxonomy":"category","embeddable":true,"href":"https:\/\/gdlfashion.com\/index.php?rest_route=%2Fwp%2Fv2%2Fcategories&post=16717"},{"taxonomy":"post_tag","embeddable":true,"href":"https:\/\/gdlfashion.com\/index.php?rest_route=%2Fwp%2Fv2%2Ftags&post=16717"}],"curies":[{"name":"wp","href":"https:\/\/api.w.org\/{rel}","templated":true}]}}