{"id":16122,"date":"2022-06-01T12:16:22","date_gmt":"2022-06-01T12:16:22","guid":{"rendered":"http:\/\/gdlfashion.com\/?p=16122"},"modified":"2022-06-01T12:16:22","modified_gmt":"2022-06-01T12:16:22","slug":"karla-baturoni","status":"publish","type":"post","link":"https:\/\/gdlfashion.com\/?p=16122","title":{"rendered":"Karla Baturoni"},"content":{"rendered":"\n<h3 class=\"wp-block-heading\">Ducere Educaci\u00f3n consciente<\/h3>\n\n\n\n<figure class=\"wp-block-image size-large is-resized\"><a href=\"https:\/\/bit.ly\/38Zespq\"><img loading=\"lazy\" decoding=\"async\" src=\"http:\/\/gdlfashion.com\/wp-content\/uploads\/2022\/06\/GDLFashionMayo2da2215-1024x640.jpg\" alt=\"\" class=\"wp-image-16123\" width=\"454\" height=\"283\" srcset=\"https:\/\/gdlfashion.com\/wp-content\/uploads\/2022\/06\/GDLFashionMayo2da2215-1024x640.jpg 1024w, https:\/\/gdlfashion.com\/wp-content\/uploads\/2022\/06\/GDLFashionMayo2da2215-300x188.jpg 300w, https:\/\/gdlfashion.com\/wp-content\/uploads\/2022\/06\/GDLFashionMayo2da2215-768x480.jpg 768w, https:\/\/gdlfashion.com\/wp-content\/uploads\/2022\/06\/GDLFashionMayo2da2215-1536x960.jpg 1536w, https:\/\/gdlfashion.com\/wp-content\/uploads\/2022\/06\/GDLFashionMayo2da2215-2048x1280.jpg 2048w\" sizes=\"(max-width: 454px) 100vw, 454px\" \/><\/a><\/figure>\n\n\n\n<p>Fue maestra de educaci\u00f3n preescolar durante 13 a\u00f1os, con Asesor\u00eda Psicopedag\u00f3gica.<\/p>\n\n\n\n<p>En el 2008 recibe la certificaci\u00f3n de las autoras del libro: C\u00f3mo hablar para que los ni\u00f1os escuchen y c\u00f3mo escuchar para que hablen, para impartir el curso basado en este libro, comenzado ese a\u00f1o a impartir el curso.<\/p>\n\n\n\n<p>En el 2011 funda Ducere Educaci\u00f3n Consciente, un centro de formaci\u00f3n para padres y maestros, buscando a trav\u00e9s de \u00e9l ser un referente y gu\u00eda para todas las familias y escuelas para ayudar a transformar la educaci\u00f3n, concientizando padres y maestros sobre la importancia de una educaci\u00f3n m\u00e1s consciente. Siendo madre de 2 hijos, reconoce la importancia de que los padres reciban formaci\u00f3n para educar y de la actualizaci\u00f3n y formaci\u00f3n docente.<\/p>\n\n\n\n<p>Cuenta con m\u00e1s de 13 a\u00f1os de experiencia impartiendo cursos, talleres y conferencias dirigidas a padres y educadores en diversas escuelas e instituciones, no s\u00f3lo en Guadalajara sino tambi\u00e9n en diferentes partes de la Rep\u00fablica; Ha tenido adem\u00e1s, diversas participaciones en la radio y la televisi\u00f3n.&nbsp;<\/p>\n\n\n\n<figure class=\"wp-block-image size-large is-resized\"><a href=\"https:\/\/bit.ly\/38Zespq\"><img loading=\"lazy\" decoding=\"async\" src=\"http:\/\/gdlfashion.com\/wp-content\/uploads\/2022\/06\/GDLFashionMayo2da2216-1024x640.jpg\" alt=\"\" class=\"wp-image-16124\" width=\"470\" height=\"293\" srcset=\"https:\/\/gdlfashion.com\/wp-content\/uploads\/2022\/06\/GDLFashionMayo2da2216-1024x640.jpg 1024w, https:\/\/gdlfashion.com\/wp-content\/uploads\/2022\/06\/GDLFashionMayo2da2216-300x188.jpg 300w, https:\/\/gdlfashion.com\/wp-content\/uploads\/2022\/06\/GDLFashionMayo2da2216-768x480.jpg 768w, https:\/\/gdlfashion.com\/wp-content\/uploads\/2022\/06\/GDLFashionMayo2da2216-1536x960.jpg 1536w, https:\/\/gdlfashion.com\/wp-content\/uploads\/2022\/06\/GDLFashionMayo2da2216-2048x1280.jpg 2048w\" sizes=\"(max-width: 470px) 100vw, 470px\" \/><\/a><\/figure>\n\n\n\n<p>Actualmente participa semanalmente en el programa Siempre Contigo, en Quiero Tv GDL.<\/p>\n\n\n\n<p>A trav\u00e9s de su p\u00e1gina Facebook Ducere Educaci\u00f3n Consciente, comparte informaci\u00f3n, webinar gratuitos, charlas y conferencias gratuitas a padres de familia.<\/p>\n\n\n\n<p>A partir del 2020 a trav\u00e9s del formato en l\u00ednea, ha logrado llegar a otros pa\u00edses con sus cursos ytalleres.<\/p>\n\n\n\n<p>Creadora de los cursos: Disciplina Consciente; C\u00f3mo lograr la armon\u00eda en tiempos de crisis; Padres e hijos crecemos\u2026 \u00bfc\u00f3mo manejar la frustraci\u00f3n paterna?, Manejo de Berrinches; as\u00ed como de diversos programas de escuela de padres y conferencias para colegios. Brinda adem\u00e1s asesor\u00eda personalizada pedag\u00f3gica a colegios y a padres de familia.<\/p>\n\n\n\n<p>Recientemente colabor\u00f3 con la conductora y cantante Maria In\u00e9s Guerra en la creaci\u00f3n de 3 manuales para padres para los cuentos infantiles que Maria In\u00e9s escribi\u00f3, en los que se tocar\u00e1n temas como: el sue\u00f1o infantil, las emociones y la respiraci\u00f3n, mismos que se presentar\u00e1n el 30 de Abril, en la Cdmx.<\/p>\n\n\n\n<p>Consciente de que los padres no nacen, se hacen, trabaja con varios proyectos que busquen transformar las conciencias de quienes forman conciencias\u2026 los Padres y Docentes.<\/p>\n\n\n\n<figure class=\"wp-block-image size-large is-resized\"><img loading=\"lazy\" decoding=\"async\" src=\"http:\/\/gdlfashion.com\/wp-content\/uploads\/2022\/06\/book-Ma-Ines-y-yo.jpg\" alt=\"\" class=\"wp-image-16125\" width=\"393\" height=\"525\" srcset=\"https:\/\/gdlfashion.com\/wp-content\/uploads\/2022\/06\/book-Ma-Ines-y-yo.jpg 718w, https:\/\/gdlfashion.com\/wp-content\/uploads\/2022\/06\/book-Ma-Ines-y-yo-224x300.jpg 224w\" sizes=\"(max-width: 393px) 100vw, 393px\" \/><\/figure>\n\n\n\n<h3 class=\"wp-block-heading\">RESE\u00d1A CURRICULAR&nbsp;<\/h3>\n\n\n\n<p>Egresada como Licenciada en Educaci\u00f3n Preescolar de la Escuela Normal para Educadoras de Guadalajara.<\/p>\n\n\n\n<p>Estudi\u00f3 el Diplomado en Educaci\u00f3n Personalizada y Comunitaria en el Instituto Pierre Faure.<\/p>\n\n\n\n<p>Curso de Ingl\u00e9s como segunda lengua en International Language Schools of Canada (ILSC), en Vancouver, Canad\u00e1.<\/p>\n\n\n\n<figure class=\"wp-block-image size-large is-resized\"><img loading=\"lazy\" decoding=\"async\" src=\"http:\/\/gdlfashion.com\/wp-content\/uploads\/2022\/06\/radio-Pp-1024x576.jpg\" alt=\"\" class=\"wp-image-16127\" width=\"395\" height=\"222\" srcset=\"https:\/\/gdlfashion.com\/wp-content\/uploads\/2022\/06\/radio-Pp-1024x576.jpg 1024w, https:\/\/gdlfashion.com\/wp-content\/uploads\/2022\/06\/radio-Pp-300x169.jpg 300w, https:\/\/gdlfashion.com\/wp-content\/uploads\/2022\/06\/radio-Pp-768x432.jpg 768w, https:\/\/gdlfashion.com\/wp-content\/uploads\/2022\/06\/radio-Pp-1140x641.jpg 1140w, https:\/\/gdlfashion.com\/wp-content\/uploads\/2022\/06\/radio-Pp-720x405.jpg 720w, https:\/\/gdlfashion.com\/wp-content\/uploads\/2022\/06\/radio-Pp.jpg 1366w\" sizes=\"(max-width: 395px) 100vw, 395px\" \/><\/figure>\n\n\n\n<p>Children Teacher\u2019s Training Course, en English Key.<\/p>\n\n\n\n<p>Fue supervisora y entrevistadora de los Ex\u00e1menes de la Universidad de Cambridge.<\/p>\n\n\n\n<p>Diplomado en Inteligencia Emocional (Instituto Evoca)<\/p>\n\n\n\n<p>Diplomado en Reingenier\u00eda Conyuga, Diplomado Conscious Manifestation y Diplomado \u201cThe power of now\u201d con Eckhart Tolle.<\/p>\n\n\n\n<figure class=\"wp-block-image size-large is-resized\"><img loading=\"lazy\" decoding=\"async\" src=\"http:\/\/gdlfashion.com\/wp-content\/uploads\/2022\/06\/en-curso-1024x576.jpg\" alt=\"\" class=\"wp-image-16128\" width=\"440\" height=\"247\" srcset=\"https:\/\/gdlfashion.com\/wp-content\/uploads\/2022\/06\/en-curso-1024x576.jpg 1024w, https:\/\/gdlfashion.com\/wp-content\/uploads\/2022\/06\/en-curso-300x169.jpg 300w, https:\/\/gdlfashion.com\/wp-content\/uploads\/2022\/06\/en-curso-768x432.jpg 768w, https:\/\/gdlfashion.com\/wp-content\/uploads\/2022\/06\/en-curso-1140x641.jpg 1140w, https:\/\/gdlfashion.com\/wp-content\/uploads\/2022\/06\/en-curso-720x405.jpg 720w, https:\/\/gdlfashion.com\/wp-content\/uploads\/2022\/06\/en-curso.jpg 1366w\" sizes=\"(max-width: 440px) 100vw, 440px\" \/><\/figure>\n\n\n\n<p>Couching Conscious Parenting y Conscious Parenting 2.0 con la Dra. Shefali<\/p>\n\n\n\n<p>Diplomado en gesti\u00f3n empresarial (VCL consultores)<\/p>\n\n\n\n<p>Fue maestra titular de Educaci\u00f3n Preescolar durante 13 a\u00f1os. Y asesora Psicopedag\u00f3gica.<\/p>\n\n\n\n<p>Cuenta con m\u00e1s de 13 a\u00f1os de experiencia impartiendo cursos y conferencias dirigidas a padres y educadores en diversas escuelas e instituciones no s\u00f3lo en Guadalajara sino tambi\u00e9n en diferentes partes de la Rep\u00fablica, teniendo adem\u00e1s diversas participaciones en la y en la Televisi\u00f3n.<\/p>\n\n\n\n<figure class=\"wp-block-image size-large is-resized\"><img loading=\"lazy\" decoding=\"async\" src=\"http:\/\/gdlfashion.com\/wp-content\/uploads\/2022\/06\/curso-en-habitat-768x1024.jpg\" alt=\"\" class=\"wp-image-16129\" width=\"369\" height=\"492\" srcset=\"https:\/\/gdlfashion.com\/wp-content\/uploads\/2022\/06\/curso-en-habitat-768x1024.jpg 768w, https:\/\/gdlfashion.com\/wp-content\/uploads\/2022\/06\/curso-en-habitat-225x300.jpg 225w, https:\/\/gdlfashion.com\/wp-content\/uploads\/2022\/06\/curso-en-habitat-1152x1536.jpg 1152w, https:\/\/gdlfashion.com\/wp-content\/uploads\/2022\/06\/curso-en-habitat.jpg 1536w\" sizes=\"(max-width: 369px) 100vw, 369px\" \/><\/figure>\n\n\n\n<p>Ha obtenido la certificaci\u00f3n de las autoras del libro: \u201cC\u00f3mo hablar para que los ni\u00f1os escuchen y como escuchar para que los ni\u00f1os hablen\u201d (Adele Faber y Elaine Mazlish), para impartir el curso: \u201cC\u00f3mo hablar para que los ni\u00f1os escuchen\u201d basado en este libro.<\/p>\n\n\n\n<p>Fundadora y directora desde el 2011 del Centro de Formaci\u00f3n de Padres y docentes Ducere Educaci\u00f3n Consciente.<\/p>\n\n\n\n<p>Creadora de los cursos: Disciplina Consciente; C\u00f3mo lograr la Armon\u00eda en tiempos de Crisis; Padres e hijos crecemos\u2026 \u00bfc\u00f3mo manejar la frustraci\u00f3n paterna?<\/p>\n\n\n\n<figure class=\"wp-block-image size-large is-resized\"><img loading=\"lazy\" decoding=\"async\" src=\"http:\/\/gdlfashion.com\/wp-content\/uploads\/2022\/06\/promo-libro22.png\" alt=\"\" class=\"wp-image-16130\" width=\"533\" height=\"273\" srcset=\"https:\/\/gdlfashion.com\/wp-content\/uploads\/2022\/06\/promo-libro22.png 939w, https:\/\/gdlfashion.com\/wp-content\/uploads\/2022\/06\/promo-libro22-300x154.png 300w, https:\/\/gdlfashion.com\/wp-content\/uploads\/2022\/06\/promo-libro22-768x394.png 768w\" sizes=\"(max-width: 533px) 100vw, 533px\" \/><\/figure>\n\n\n\n<p>Actualmente participa semanalmente en el programa de TV Siempre contigo, como especialista en crianza consciente, y en el programa de Radio Pap\u00e1s ping\u00fcino dando un spot con tips para crianza consciente. Adem\u00e1s fue nominada al 1er galard\u00f3n LIM (L\u00edderes inspirando al mundo) que se llevar\u00e1 a cabo el 5 de mayo de 2022, quedando entre las 10 finalistas de entre m\u00e1s de 120 l\u00edderes.<\/p>\n\n\n\n<p>M\u00e1s sobre ella en sus RRSS:<\/p>\n\n\n\n<p><a href=\"https:\/\/instagram.fgdl9-1.fna.fbcdn.net\/v\/t51.2885-15\/284729064_1034803294062256_1742175173242485013_n.jpg?stp=dst-jpg_e15_fr_p1080x1080&amp;_nc_ht=instagram.fgdl9-1.fna.fbcdn.net&amp;_nc_cat=104&amp;_nc_ohc=TRpUZqE_0AgAX-zUMKk&amp;edm=ALQROFkBAAAA&amp;ccb=7-5&amp;ig_cache_key=Mjg1MDUwMzcyMjY2MTU5MDQ3NQ%3D%3D.2-ccb7-5&amp;oh=00_AT9oQCXgFJzTzTQNbnu19Wd-qXuNs9DHTbXkXu3Mmlw9RQ&amp;oe=629E374A&amp;_nc_sid=30a2ef\" data-type=\"URL\" data-id=\"https:\/\/instagram.fgdl9-1.fna.fbcdn.net\/v\/t51.2885-15\/284729064_1034803294062256_1742175173242485013_n.jpg?stp=dst-jpg_e15_fr_p1080x1080&amp;_nc_ht=instagram.fgdl9-1.fna.fbcdn.net&amp;_nc_cat=104&amp;_nc_ohc=TRpUZqE_0AgAX-zUMKk&amp;edm=ALQROFkBAAAA&amp;ccb=7-5&amp;ig_cache_key=Mjg1MDUwMzcyMjY2MTU5MDQ3NQ%3D%3D.2-ccb7-5&amp;oh=00_AT9oQCXgFJzTzTQNbnu19Wd-qXuNs9DHTbXkXu3Mmlw9RQ&amp;oe=629E374A&amp;_nc_sid=30a2ef\">Ducere<\/a><\/p>\n\n\n\n<p><a href=\"http:\/\/bit.ly\/ducere_whats\" data-type=\"URL\" data-id=\"bit.ly\/ducere_whats\">L\u00ednea directa<\/a><\/p>\n","protected":false},"excerpt":{"rendered":"<p>Ducere Educaci\u00f3n consciente Fue maestra de educaci\u00f3n preescolar durante 13 a\u00f1os, con Asesor\u00eda Psicopedag\u00f3gica. En el 2008 recibe la certificaci\u00f3n&hellip;<\/p>\n","protected":false},"author":2,"featured_media":16126,"comment_status":"open","ping_status":"closed","sticky":false,"template":"","format":"standard","meta":{"footnotes":""},"categories":[1],"tags":[],"_links":{"self":[{"href":"https:\/\/gdlfashion.com\/index.php?rest_route=\/wp\/v2\/posts\/16122"}],"collection":[{"href":"https:\/\/gdlfashion.com\/index.php?rest_route=\/wp\/v2\/posts"}],"about":[{"href":"https:\/\/gdlfashion.com\/index.php?rest_route=\/wp\/v2\/types\/post"}],"author":[{"embeddable":true,"href":"https:\/\/gdlfashion.com\/index.php?rest_route=\/wp\/v2\/users\/2"}],"replies":[{"embeddable":true,"href":"https:\/\/gdlfashion.com\/index.php?rest_route=%2Fwp%2Fv2%2Fcomments&post=16122"}],"version-history":[{"count":1,"href":"https:\/\/gdlfashion.com\/index.php?rest_route=\/wp\/v2\/posts\/16122\/revisions"}],"predecessor-version":[{"id":16131,"href":"https:\/\/gdlfashion.com\/index.php?rest_route=\/wp\/v2\/posts\/16122\/revisions\/16131"}],"wp:featuredmedia":[{"embeddable":true,"href":"https:\/\/gdlfashion.com\/index.php?rest_route=\/wp\/v2\/media\/16126"}],"wp:attachment":[{"href":"https:\/\/gdlfashion.com\/index.php?rest_route=%2Fwp%2Fv2%2Fmedia&parent=16122"}],"wp:term":[{"taxonomy":"category","embeddable":true,"href":"https:\/\/gdlfashion.com\/index.php?rest_route=%2Fwp%2Fv2%2Fcategories&post=16122"},{"taxonomy":"post_tag","embeddable":true,"href":"https:\/\/gdlfashion.com\/index.php?rest_route=%2Fwp%2Fv2%2Ftags&post=16122"}],"curies":[{"name":"wp","href":"https:\/\/api.w.org\/{rel}","templated":true}]}}