{"id":16083,"date":"2022-05-22T13:51:01","date_gmt":"2022-05-22T13:51:01","guid":{"rendered":"http:\/\/gdlfashion.com\/?p=16083"},"modified":"2022-05-22T13:51:01","modified_gmt":"2022-05-22T13:51:01","slug":"asi-vivimos-la-fiesta-de-lanzamiento-de-raw-music-con-universal-music","status":"publish","type":"post","link":"https:\/\/gdlfashion.com\/?p=16083","title":{"rendered":"As\u00ed vivimos la fiesta de lanzamiento de Raw Music con Universal Music"},"content":{"rendered":"\n<p><strong>Una generaci\u00f3n de nuevos talentos se prepara para conquistar los o\u00eddos del mundo a trav\u00e9s de una propuesta fresca e innovadora, la cual fue presentada ayer en un evento inolvidable. Conoce todos los detalles de la launch party de Raw Music a continuaci\u00f3n.<\/strong><\/p>\n\n\n\n<p><strong>Sofi Mata<\/strong>,&nbsp;<strong>Mia Salinas<\/strong>,&nbsp;<strong>Vanne Amador<\/strong>,&nbsp;<strong>Daniel Vargas<\/strong>&nbsp;y&nbsp;<strong>Aaron Mercury<\/strong>&nbsp;son los nombres que dan vida a&nbsp;<strong>Raw Music<\/strong>: una aut\u00e9ntica revoluci\u00f3n dentro de la industria, cuyo prop\u00f3sito es impulsar el talento musical de este grupo de \u00eddolos digitales, quienes han conquistado el ciberespacio con sus habilidades y carisma.<\/p>\n\n\n\n<p>Para celebrar el lanzamiento de este proyecto, el d\u00eda de ayer,&nbsp;<strong>Universal Music<\/strong>&nbsp;y&nbsp;<strong>Raw Music<\/strong>(representados por&nbsp;<strong>Alfredo Delgadillo<\/strong>,&nbsp;<strong>presidente de<\/strong>&nbsp;<strong>Universal Music M\u00e9xico<\/strong>&nbsp;y&nbsp;<strong>Jimena G\u00f3mez Alarc\u00f3n<\/strong>,&nbsp;<strong>CEO y fundadora de Raw Music<\/strong>), tuvieron una fiesta en&nbsp;<strong>La Nana, Laboratorio Urbano de Arte Comprometido<\/strong>, lugar que sirvi\u00f3 como marco para el estreno del documental&nbsp;<strong>Raw Music Vol. 1<\/strong>(producido por la realizadora mexicana&nbsp;<strong>1989<\/strong>).<\/p>\n\n\n\n<figure class=\"wp-block-image\"><img decoding=\"async\" src=\"https:\/\/cdn.uc.assets.prezly.com\/c3fad6c1-afdf-401f-a9a8-18e9fd488054\/-\/resize\/1200x\/-\/format\/auto\/\" alt=\"Story image\"\/><\/figure>\n\n\n\n<p>A lo largo del metraje fuimos testigos de c\u00f3mo cada integrante de&nbsp;<strong>Raw Music&nbsp;<\/strong>siente una pasi\u00f3n genuina por la m\u00fasica desde la ni\u00f1ez, pues todos provienen de familias que fomentaron en ellos un amor \u00fanico por el arte, en particular por la creatividad sonora. Adem\u00e1s, podemos atestiguar de viva voz la manera en que Mia, Vanne, Daniel, Aaron y Sofi concretan su sue\u00f1o, no s\u00f3lo al hacer realidad sus carreras musicales, sino el privilegio que es hacerlo de la mano con&nbsp;<strong>Universal Music.<\/strong><\/p>\n\n\n\n<p>El evento, tuvo varios invitados de lujo, entre los que se cuentan los mejores medios musicales del pa\u00eds, influencers de renombre y l\u00edderes de la industria, quienes dieron su espaldarazo a los cinco talentos emergentes.<\/p>\n\n\n\n<figure class=\"wp-block-image\"><img decoding=\"async\" src=\"https:\/\/cdn.uc.assets.prezly.com\/8ee34548-3712-48f5-a38c-e38b2f23482d\/-\/resize\/1200x\/-\/format\/auto\/\" alt=\"Story image\"\/><\/figure>\n\n\n\n<p>Para quienes quieran formar parte de esta experiencia, el documental de\u00a0<strong>Raw Music<\/strong>\u00a0se encuentra en\u00a0<strong>YouTube<\/strong>\u00a0para su visualizaci\u00f3n gratuita, experiencia que sirve como pre\u00e1mbulo de los pr\u00f3ximos lanzamientos de\u00a0<strong>Raw Music<\/strong>, quienes vienen respaldados no s\u00f3lo por su sensibilidad musical, sino por el trabajo de los productores m\u00e1s top del momento. \u00a1No te pierdas nada de esta revoluci\u00f3n musical.<\/p>\n\n\n\n<hr class=\"wp-block-separator\"\/>\n\n\n\n<p><\/p>\n","protected":false},"excerpt":{"rendered":"<p>Una generaci\u00f3n de nuevos talentos se prepara para conquistar los o\u00eddos del mundo a trav\u00e9s de una propuesta fresca e&hellip;<\/p>\n","protected":false},"author":2,"featured_media":16084,"comment_status":"open","ping_status":"closed","sticky":false,"template":"","format":"standard","meta":{"footnotes":""},"categories":[412,9,3],"tags":[],"_links":{"self":[{"href":"https:\/\/gdlfashion.com\/index.php?rest_route=\/wp\/v2\/posts\/16083"}],"collection":[{"href":"https:\/\/gdlfashion.com\/index.php?rest_route=\/wp\/v2\/posts"}],"about":[{"href":"https:\/\/gdlfashion.com\/index.php?rest_route=\/wp\/v2\/types\/post"}],"author":[{"embeddable":true,"href":"https:\/\/gdlfashion.com\/index.php?rest_route=\/wp\/v2\/users\/2"}],"replies":[{"embeddable":true,"href":"https:\/\/gdlfashion.com\/index.php?rest_route=%2Fwp%2Fv2%2Fcomments&post=16083"}],"version-history":[{"count":1,"href":"https:\/\/gdlfashion.com\/index.php?rest_route=\/wp\/v2\/posts\/16083\/revisions"}],"predecessor-version":[{"id":16085,"href":"https:\/\/gdlfashion.com\/index.php?rest_route=\/wp\/v2\/posts\/16083\/revisions\/16085"}],"wp:featuredmedia":[{"embeddable":true,"href":"https:\/\/gdlfashion.com\/index.php?rest_route=\/wp\/v2\/media\/16084"}],"wp:attachment":[{"href":"https:\/\/gdlfashion.com\/index.php?rest_route=%2Fwp%2Fv2%2Fmedia&parent=16083"}],"wp:term":[{"taxonomy":"category","embeddable":true,"href":"https:\/\/gdlfashion.com\/index.php?rest_route=%2Fwp%2Fv2%2Fcategories&post=16083"},{"taxonomy":"post_tag","embeddable":true,"href":"https:\/\/gdlfashion.com\/index.php?rest_route=%2Fwp%2Fv2%2Ftags&post=16083"}],"curies":[{"name":"wp","href":"https:\/\/api.w.org\/{rel}","templated":true}]}}