{"id":15725,"date":"2022-04-13T00:15:00","date_gmt":"2022-04-13T00:15:00","guid":{"rendered":"http:\/\/gdlfashion.com\/?p=15725"},"modified":"2022-04-12T00:20:39","modified_gmt":"2022-04-12T00:20:39","slug":"celebran-108-aniversario-de-jamay-como-municipio","status":"publish","type":"post","link":"https:\/\/gdlfashion.com\/?p=15725","title":{"rendered":"Celebran 108 Aniversario de Jamay como Municipio"},"content":{"rendered":"\n<p>Con un amplio programa de actividades sociales, tur\u00edsticas, deportivas y culturales, todas ellas destinadas a disfrutarse con una vocaci\u00f3n familiar, el municipio de Jamay celebra 108 a\u00f1os de historia y tradici\u00f3n; destac\u00f3 C\u00e9sar Molina Sahag\u00fan, Presidente Municipal.<\/p>\n\n\n\n<p>\u201cEn Jamay, estamos de fiesta y queremos compartirlo con todos los jaliscienses, el pr\u00f3ximo 6 de abril estaremos cumpliendo 108 a\u00f1os de que Jamay fue erigido como municipalidad, comprendiendo las haciendas y rancher\u00edas de Capulines, Maltara\u00f1a, San Agust\u00edn y San Miguel de la Paz\u201d.<\/p>\n\n\n\n<p>Para celebrarlo con los ciudadanos hemos dise\u00f1ado un amplio programa de actividades que contemplan conciertos, presentaciones de diversas disciplinas art\u00edsticas como ballet folcl\u00f3rico, danza moderna e incluso presentaciones con actividades art\u00edsticas de adultos mayores adem\u00e1s de mariachi.<\/p>\n\n\n\n<figure class=\"wp-block-image size-large is-resized\"><img loading=\"lazy\" decoding=\"async\" src=\"http:\/\/gdlfashion.com\/wp-content\/uploads\/2022\/04\/Aniversario-Jamay-3--1024x682.jpeg\" alt=\"\" class=\"wp-image-15728\" width=\"362\" height=\"241\" srcset=\"https:\/\/gdlfashion.com\/wp-content\/uploads\/2022\/04\/Aniversario-Jamay-3--1024x682.jpeg 1024w, https:\/\/gdlfashion.com\/wp-content\/uploads\/2022\/04\/Aniversario-Jamay-3--300x200.jpeg 300w, https:\/\/gdlfashion.com\/wp-content\/uploads\/2022\/04\/Aniversario-Jamay-3--768x512.jpeg 768w, https:\/\/gdlfashion.com\/wp-content\/uploads\/2022\/04\/Aniversario-Jamay-3-.jpeg 1280w\" sizes=\"(max-width: 362px) 100vw, 362px\" \/><\/figure>\n\n\n\n<p>\u201cNuestra celebraci\u00f3n se convierte tambi\u00e9n en una oportunidad de intercambio cultural de la regi\u00f3n, adem\u00e1s de un momento propicio para disfrutar de los espect\u00e1culos en familia\u201d, a\u00f1adi\u00f3 Molina Sahag\u00fan.<\/p>\n\n\n\n<p>Jamay perteneci\u00f3 al tercer cant\u00f3n de La Barca de 1825 hasta el a\u00f1o de 1914, cuando fue nombrado municipio por medio del Decreto 1785 el 6 de abril de ese a\u00f1o. Algunas interpretaciones que se han hecho de su nombre son: Lugar del rey Amulteca Xama; o lugar donde se fabrican adobes.<\/p>\n\n\n\n<p>Situado a la orilla de la Ribera de la Chapala, el municipio ofrece al paladar una variedad de platillos, como el bagre cocinado con mole y ajonjol\u00ed, la carpa tatemada y hueva de pescado.<\/p>\n\n\n\n<p>Otro de los atractivos es el monumento en honor al Papa P\u00edo IX, situado en la Plaza Principal, que junto a otro que se encuentra en Italia son los \u00fanicos que existen en el mundo. \u201cTambi\u00e9n se destaca el mirador de la \u2018Santa Cruz\u2019, el cual se ubica en un templo en lo alto del cerro, con una excepcional vista al lago Chapala\u201d.<\/p>\n\n\n\n<figure class=\"wp-block-image size-large is-resized\"><img loading=\"lazy\" decoding=\"async\" src=\"http:\/\/gdlfashion.com\/wp-content\/uploads\/2022\/04\/Aniversario-Jamay-1--1024x682.jpeg\" alt=\"\" class=\"wp-image-15732\" width=\"407\" height=\"271\" srcset=\"https:\/\/gdlfashion.com\/wp-content\/uploads\/2022\/04\/Aniversario-Jamay-1--1024x682.jpeg 1024w, https:\/\/gdlfashion.com\/wp-content\/uploads\/2022\/04\/Aniversario-Jamay-1--300x200.jpeg 300w, https:\/\/gdlfashion.com\/wp-content\/uploads\/2022\/04\/Aniversario-Jamay-1--768x512.jpeg 768w, https:\/\/gdlfashion.com\/wp-content\/uploads\/2022\/04\/Aniversario-Jamay-1-.jpeg 1280w\" sizes=\"(max-width: 407px) 100vw, 407px\" \/><\/figure>\n\n\n\n<p>Actualmente se trabaja en conjunto con senadores y diputados federales para gestionar el nombramiento para que Jamay pueda ser declarado Pueblo M\u00e1gico.<\/p>\n\n\n\n<p>Jamay se ha convertido en los \u00faltimos a\u00f1os, en uno de los destinos m\u00e1s visitados del lago de Chapala, el vaso lacustre m\u00e1s grande del pa\u00eds, destac\u00f3 C\u00e9sar Molina Sahag\u00fan, Presidente municipal.<\/p>\n\n\n\n<p>\u201cLa zona gastron\u00f3mica recibe cerca de 5 mil personas cada fin de semana, el Malec\u00f3n no menos de 3 mil, en el balneario Corral Grande los visitantes llegan a ser hasta 10 mil personas por d\u00eda, por ejemplo en fechas como vacaciones de Semana Santa y Pascua\u201d, a\u00f1adi\u00f3.<\/p>\n\n\n\n<p><em>Atractivos Tur\u00edsticos:<\/em><\/p>\n\n\n\n<p>Monumento al Papa P\u00edo IX<\/p>\n\n\n\n<p>El monumento que mide m\u00e1s de 20 metros de altura se erigi\u00f3 entre 1875 y 1878, durante una confrontaci\u00f3n entre los bandos liberales y conservadores, est\u00e1 hecho de calicanto con baba de nopal.<\/p>\n\n\n\n<p>El obelisco, una obra de tres niveles o cuerpos, en los que hay motivos escult\u00f3ricos como querubines, columnas, grecas y detalles barrocos.<\/p>\n\n\n\n<p><em>Haciendas:<\/em><\/p>\n\n\n\n<p>En las cercan\u00edas del pueblo se encuentran antiguas haciendas, dos en pie y funcionales y una m\u00e1s en ruinas; que destacan por su arquitectura como es el caso de la Ex Hacienda La Bella Cristina localizada en Maltara\u00f1a.<\/p>\n\n\n\n<p><em>Ubicaci\u00f3n:<\/em><\/p>\n\n\n\n<p>Jamay se ubica sobre la carretera: Santa Rosa-La Barca, en el kil\u00f3metro 60, a 90 kil\u00f3metros de Guadalajara y aproximadamente 90 minutos en veh\u00edculo particular a 1,531 metros sobre el nivel del mar. Y un estimado de 30,000 habitantes, con tres delegaciones: San Miguel de la Paz, San Agust\u00edn y Maltara\u00f1a.<\/p>\n","protected":false},"excerpt":{"rendered":"<p>Con un amplio programa de actividades sociales, tur\u00edsticas, deportivas y culturales, todas ellas destinadas a disfrutarse con una vocaci\u00f3n familiar,&hellip;<\/p>\n","protected":false},"author":2,"featured_media":15731,"comment_status":"open","ping_status":"closed","sticky":false,"template":"","format":"standard","meta":{"footnotes":""},"categories":[417,9],"tags":[],"_links":{"self":[{"href":"https:\/\/gdlfashion.com\/index.php?rest_route=\/wp\/v2\/posts\/15725"}],"collection":[{"href":"https:\/\/gdlfashion.com\/index.php?rest_route=\/wp\/v2\/posts"}],"about":[{"href":"https:\/\/gdlfashion.com\/index.php?rest_route=\/wp\/v2\/types\/post"}],"author":[{"embeddable":true,"href":"https:\/\/gdlfashion.com\/index.php?rest_route=\/wp\/v2\/users\/2"}],"replies":[{"embeddable":true,"href":"https:\/\/gdlfashion.com\/index.php?rest_route=%2Fwp%2Fv2%2Fcomments&post=15725"}],"version-history":[{"count":1,"href":"https:\/\/gdlfashion.com\/index.php?rest_route=\/wp\/v2\/posts\/15725\/revisions"}],"predecessor-version":[{"id":15734,"href":"https:\/\/gdlfashion.com\/index.php?rest_route=\/wp\/v2\/posts\/15725\/revisions\/15734"}],"wp:featuredmedia":[{"embeddable":true,"href":"https:\/\/gdlfashion.com\/index.php?rest_route=\/wp\/v2\/media\/15731"}],"wp:attachment":[{"href":"https:\/\/gdlfashion.com\/index.php?rest_route=%2Fwp%2Fv2%2Fmedia&parent=15725"}],"wp:term":[{"taxonomy":"category","embeddable":true,"href":"https:\/\/gdlfashion.com\/index.php?rest_route=%2Fwp%2Fv2%2Fcategories&post=15725"},{"taxonomy":"post_tag","embeddable":true,"href":"https:\/\/gdlfashion.com\/index.php?rest_route=%2Fwp%2Fv2%2Ftags&post=15725"}],"curies":[{"name":"wp","href":"https:\/\/api.w.org\/{rel}","templated":true}]}}