{"id":15369,"date":"2022-02-13T00:59:30","date_gmt":"2022-02-13T00:59:30","guid":{"rendered":"http:\/\/gdlfashion.com\/?p=15369"},"modified":"2022-02-13T00:59:30","modified_gmt":"2022-02-13T00:59:30","slug":"creadora-de-giranio-mx","status":"publish","type":"post","link":"https:\/\/gdlfashion.com\/?p=15369","title":{"rendered":"Creadora de Giranio Mx"},"content":{"rendered":"\n<p>\u00bfA que te dedicas?<\/p>\n\n\n\n<p>Actualmente soy Soy dise\u00f1adora y Ceo de la marca Giranio.<\/p>\n\n\n\n<figure class=\"wp-block-image size-large is-resized\"><img loading=\"lazy\" decoding=\"async\" src=\"http:\/\/gdlfashion.com\/wp-content\/uploads\/2022\/02\/geranio.png\" alt=\"\" class=\"wp-image-15371\" width=\"340\" height=\"480\" srcset=\"https:\/\/gdlfashion.com\/wp-content\/uploads\/2022\/02\/geranio.png 595w, https:\/\/gdlfashion.com\/wp-content\/uploads\/2022\/02\/geranio-212x300.png 212w\" sizes=\"(max-width: 340px) 100vw, 340px\" \/><\/figure>\n\n\n\n<p>Desde siempre he sido muy hiperactiva y estudie artes escenicas con ofelia Cano; posteriormente haciendo uso de mis carreras, tuve la oportunidad de trabajar dentro de gobierno en el \u00e1rea de difusi\u00f3n Social,\u00a0 y posteriormente en empresas relacionadas al medio de moda; hasta que me sent\u00ed lista\u00a0 para iniciar mi\u00a0 proyecto de emprendurismo de la mano de incubadoras de moda como Fashion start up, donde termine de pulir todas las herramientas que ven\u00eda cargando. En la actualidad, este \u00a0proyecto a sido sumamente redituable a un nivel personal y profesional y\u00a0 me a \u00a0permitido estar en Desfilia con mi primer pasarela en el 2019, en la Camara de comercio en el 2021 con un desfile con causa, para la recaudaci\u00f3n de fondos para la reconstrucci\u00f3n mamaria de la mano de Colectivo Papalotl; en radio en el 106.7 en Talento emprende, canal 58 en Aroma de mujer y en Arriba corazones.<\/p>\n\n\n\n<p>\u00bfC\u00f3mo nace la decisi\u00f3n de ser empresaria?<\/p>\n\n\n\n<p>Creo que nace de la necesidad de trascender y lograr aportar un granito de arena a mi comunidad a traves del servicio al cliente; as\u00ed como cubrir&nbsp; la necesidad de tener una prenda vers\u00e1til para las diferentes demandas del d\u00eda a d\u00eda. Prendas femeninas multiformas (para toda ocasi\u00f3n vestidos, blusas, faldas.)<\/p>\n\n\n\n<figure class=\"wp-block-image size-large is-resized\"><img loading=\"lazy\" decoding=\"async\" src=\"http:\/\/gdlfashion.com\/wp-content\/uploads\/2022\/02\/narciso.png\" alt=\"\" class=\"wp-image-15374\" width=\"258\" height=\"365\" srcset=\"https:\/\/gdlfashion.com\/wp-content\/uploads\/2022\/02\/narciso.png 595w, https:\/\/gdlfashion.com\/wp-content\/uploads\/2022\/02\/narciso-212x300.png 212w\" sizes=\"(max-width: 258px) 100vw, 258px\" \/><\/figure>\n\n\n\n<p>\u00bfC\u00f3mo te inspiras en tus dise\u00f1os?<\/p>\n\n\n\n<p>Todo inspira todo el tiempo; el podcast de la ma\u00f1ana, los desfiles me inspiran demasiado, leer un buen libro, una pelicula, comprar ropa, pero sobre todo creo que uno deja de caminar sin rumbo cuando aprendes a escuchar las necesidades de las clientas dentro de punto de venta y aterrizarlo en producto. Tambi\u00e9n en ser mujer 24\/7 y pensar todo el tiempo en las carencias&nbsp; estructurales que presentan los productos vigentes en el mercado.<\/p>\n\n\n\n<p>\u00bfC\u00f3mo escojiste el nombre?<\/p>\n\n\n\n<p>Curiosamente el nombre surgio durante la pandemia, el a\u00f1o 2020 fue un a\u00f1o de suma introspecci\u00f3n para mi para redefinir y pulir el concepto que ya venia merodeando mi cabeza. Estuve leyendo y escuchando bastante contenido para la creaci\u00f3n de marcas y buscaba algo que fuera obvio, tanto por concepto como por funci\u00f3n.<\/p>\n\n\n\n<p>Por cuesti\u00f3n conceptual. Busque\u00a0 un objeto tangible que pudiera represnetar a la mujer; y lo encontre en las flores; por que consider\u00f3 que comparten procesos similares a la vida de las mujeres; es decir las flores \u00a0pasan por un proceso de evoluci\u00f3n constante (nacen, crecen, se reproducen, \u00a0mueren y renacen nuevamente.En base a esto hice una selecci\u00f3n de flores cuyas cualidades pudieran enaltecer las virtudes de la mujer y lo aterric\u00e9\u00a0 en \u00a0geranio por su capacidad de florecer durante todo el a\u00f1o y la capacidad de los girasoles de girar buscando la orientaci\u00f3n del sol; al igual que la cualidad compartida que tambi\u00e9n tienen nuestras prendas, al alcanzar diferentes combinaciones con solo giros\u2026<\/p>\n\n\n\n<figure class=\"wp-block-image size-large is-resized\"><img loading=\"lazy\" decoding=\"async\" src=\"http:\/\/gdlfashion.com\/wp-content\/uploads\/2022\/02\/3-1-576x1024.png\" alt=\"\" class=\"wp-image-15376\" width=\"185\" height=\"329\" srcset=\"https:\/\/gdlfashion.com\/wp-content\/uploads\/2022\/02\/3-1-576x1024.png 576w, https:\/\/gdlfashion.com\/wp-content\/uploads\/2022\/02\/3-1-169x300.png 169w, https:\/\/gdlfashion.com\/wp-content\/uploads\/2022\/02\/3-1-768x1365.png 768w, https:\/\/gdlfashion.com\/wp-content\/uploads\/2022\/02\/3-1-864x1536.png 864w, https:\/\/gdlfashion.com\/wp-content\/uploads\/2022\/02\/3-1.png 1080w\" sizes=\"(max-width: 185px) 100vw, 185px\" \/><\/figure>\n\n\n\n<p>Expl\u00edcanos el concepto de la tienda<\/p>\n\n\n\n<p>&nbsp;La intenci\u00f3n de GIRANIO, es la creaci\u00f3n constante de&nbsp; prendas que fungen como tu segunda piel; eres la misma pero diferentes versiones.<\/p>\n\n\n\n<p>La marca busca ser un aporte positivo para la comunidad y para el medio ambiente; La industria de la moda es de las mas contaminantes; pero con piezas multifuncionales y la calidad en las telas y confecci\u00f3n, hacer compras inteligentes cuidando nuestros bolsillo, ya que prolongamos el ciclo de vida de las piezas; evitando que dejen de circular en cortos periodos y ofreciendo a las mujeres guardarropas 360.<\/p>\n\n\n\n<p>As\u00ed mismo a la par que se da a concoer el producto, &nbsp;buscamos crear experiencia de compra que implique una reestructuraci\u00f3n de su amor propio con diversas frases motivantes en puntos estrat\u00e9gicos de la tienda y hacer una desistematizaci\u00f3n de los c\u00e1nones de belleza plantados por los medios de comunicaci\u00f3n; rompiendo con la din\u00e1mica de las prendas de exhibir las tallas de forma habitual con las&nbsp; con abreviaciones: CH, M y&nbsp; G y sustituirlas en su lugar por palabras de fuerza, que las hagan olvidar la talla y les recuerde lo valiosas que son, no por un peso sino por el hecho de ser ellas. (Chingonas, m\u00e1gicas o genuinas)<\/p>\n\n\n\n<p>\u00bfSe pueden rentar<\/p>\n\n\n\n<p>Si por supuesto se puede fabricar y rentar Prendas b\u00e1sica spor supuesto a partir de 4 piezas para creaciones nuevas y 1 s\u00f3la piaza cualquier prenda en tienda.\u00bfC\u00f3mo te enamoraste del concepto?<\/p>\n\n\n\n<p>Despu\u00e9s, con 3 a\u00f1os en el mercado nos dimos cuenta que pod\u00edamos servir a trav\u00e9s de nuestro trabajo, quit\u00e1ndole la superficialidad al hecho de comprar ropa, y entreg\u00e1ndoles a las clientas en cada prenda un poquito de amor propio, viviendo en cada cita un acontecimiento en el que podemos conocer a una mujer extraordinaria que se desempe\u00f1a en distintas \u00e1reas.<\/p>\n\n\n\n<p>La ropa funge como nuestra segunda piel, y con la orientaci\u00f3n correcta, pueden adquirir prendas fabricadas a sus necesidades en \u00a0los tonos correctos y las estrUcturas que favorecen a su morfolog\u00eda, logrando \u00a0potencializar y proyectar la magia que yace inmersa en cada una.<\/p>\n\n\n\n<p>\u00bfC\u00f3mo te encontramos en en donde? El showroom esta ubicado en\u00a0 Juan Alvarez 1434 en el barrio popular de santa tere. Y en mis redes me encuentran como Giraniomx<\/p>\n","protected":false},"excerpt":{"rendered":"<p>\u00bfA que te dedicas? Actualmente soy Soy dise\u00f1adora y Ceo de la marca Giranio. Desde siempre he sido muy hiperactiva&hellip;<\/p>\n","protected":false},"author":2,"featured_media":15370,"comment_status":"open","ping_status":"closed","sticky":false,"template":"","format":"standard","meta":{"footnotes":""},"categories":[414,3],"tags":[],"_links":{"self":[{"href":"https:\/\/gdlfashion.com\/index.php?rest_route=\/wp\/v2\/posts\/15369"}],"collection":[{"href":"https:\/\/gdlfashion.com\/index.php?rest_route=\/wp\/v2\/posts"}],"about":[{"href":"https:\/\/gdlfashion.com\/index.php?rest_route=\/wp\/v2\/types\/post"}],"author":[{"embeddable":true,"href":"https:\/\/gdlfashion.com\/index.php?rest_route=\/wp\/v2\/users\/2"}],"replies":[{"embeddable":true,"href":"https:\/\/gdlfashion.com\/index.php?rest_route=%2Fwp%2Fv2%2Fcomments&post=15369"}],"version-history":[{"count":1,"href":"https:\/\/gdlfashion.com\/index.php?rest_route=\/wp\/v2\/posts\/15369\/revisions"}],"predecessor-version":[{"id":15377,"href":"https:\/\/gdlfashion.com\/index.php?rest_route=\/wp\/v2\/posts\/15369\/revisions\/15377"}],"wp:featuredmedia":[{"embeddable":true,"href":"https:\/\/gdlfashion.com\/index.php?rest_route=\/wp\/v2\/media\/15370"}],"wp:attachment":[{"href":"https:\/\/gdlfashion.com\/index.php?rest_route=%2Fwp%2Fv2%2Fmedia&parent=15369"}],"wp:term":[{"taxonomy":"category","embeddable":true,"href":"https:\/\/gdlfashion.com\/index.php?rest_route=%2Fwp%2Fv2%2Fcategories&post=15369"},{"taxonomy":"post_tag","embeddable":true,"href":"https:\/\/gdlfashion.com\/index.php?rest_route=%2Fwp%2Fv2%2Ftags&post=15369"}],"curies":[{"name":"wp","href":"https:\/\/api.w.org\/{rel}","templated":true}]}}