{"id":12427,"date":"2020-03-24T18:35:40","date_gmt":"2020-03-24T18:35:40","guid":{"rendered":"http:\/\/gdlfashion.com\/?p=12427"},"modified":"2020-03-24T18:39:06","modified_gmt":"2020-03-24T18:39:06","slug":"llega-lo-mejor-de-la-frescura-del-mar-a-la-parrilla","status":"publish","type":"post","link":"https:\/\/gdlfashion.com\/?p=12427","title":{"rendered":"Llega lo mejor de la frescura del Mar, a la parrilla"},"content":{"rendered":"<h2>\u00a0<i>\u201cInicia el Festival Mar y Parrilla\u00bb<\/i><\/h2>\n<p><a href=\"https:\/\/issuu.com\/georgeramirez73\/docs\/2da_edicion_marzo2020\/48\"><img loading=\"lazy\" decoding=\"async\" class=\"size-medium wp-image-12433 alignright\" alt=\"2da Edicion Marzo48\" src=\"http:\/\/gdlfashion.com\/wp-content\/uploads\/2020\/03\/2da-Edicion-Marzo48-240x300.jpg\" width=\"240\" height=\"300\" srcset=\"https:\/\/gdlfashion.com\/wp-content\/uploads\/2020\/03\/2da-Edicion-Marzo48-240x300.jpg 240w, https:\/\/gdlfashion.com\/wp-content\/uploads\/2020\/03\/2da-Edicion-Marzo48-819x1024.jpg 819w, https:\/\/gdlfashion.com\/wp-content\/uploads\/2020\/03\/2da-Edicion-Marzo48-44x55.jpg 44w, https:\/\/gdlfashion.com\/wp-content\/uploads\/2020\/03\/2da-Edicion-Marzo48-300x374.jpg 300w, https:\/\/gdlfashion.com\/wp-content\/uploads\/2020\/03\/2da-Edicion-Marzo48.jpg 1107w\" sizes=\"(max-width: 240px) 100vw, 240px\" \/><\/a><b>La Molienda<\/b>\u00a0y\u00a0<b>2 Mar\u00edas Cantina Mexicana<\/b>, buscan renovar su men\u00fa, para ofrecerle a sus comensales una gran variedad de platillos y la posibilidad de poder ver la preparaci\u00f3n de los mismos. Es por ello que dan a conocer su festival\u00a0<b><i>\u201cMar y Parrilla\u201d<\/i><\/b>, en donde se podr\u00e1 disfrutar de la fusi\u00f3n perfecta del sabor de la parrilla y la frescura de los mariscos.<\/p>\n<p>El\u00a0festival\u00a0<b><i>\u201cMar y Parrilla<\/i><\/b>\u201d, llega gracias al chef ejecutivo de la casa\u00a0<b>Uriel P\u00e9rez,\u00a0<\/b>quien es el encargado de crear platillos \u00fanicos y de temporada, con el prop\u00f3sito de ofrecer a cada uno de los comensales, una gran variedad en su men\u00fa, sin descuidar el sabor y la frescura que los caracteriza.<\/p>\n<p><a href=\"http:\/\/gdlfashion.com\/wp-content\/uploads\/2020\/03\/2da-Edicion-Marzo49.jpg\"><img loading=\"lazy\" decoding=\"async\" class=\"size-medium wp-image-12434 alignleft\" alt=\"2da Edicion Marzo49\" src=\"http:\/\/gdlfashion.com\/wp-content\/uploads\/2020\/03\/2da-Edicion-Marzo49-240x300.jpg\" width=\"240\" height=\"300\" srcset=\"https:\/\/gdlfashion.com\/wp-content\/uploads\/2020\/03\/2da-Edicion-Marzo49-240x300.jpg 240w, https:\/\/gdlfashion.com\/wp-content\/uploads\/2020\/03\/2da-Edicion-Marzo49-819x1024.jpg 819w, https:\/\/gdlfashion.com\/wp-content\/uploads\/2020\/03\/2da-Edicion-Marzo49-44x55.jpg 44w, https:\/\/gdlfashion.com\/wp-content\/uploads\/2020\/03\/2da-Edicion-Marzo49-300x374.jpg 300w, https:\/\/gdlfashion.com\/wp-content\/uploads\/2020\/03\/2da-Edicion-Marzo49.jpg 1107w\" sizes=\"(max-width: 240px) 100vw, 240px\" \/><\/a>Algunos de los platillos que se podr\u00e1n disfrutar en el festival\u00a0<b><i>\u201cMar y Parrilla<\/i><\/b>\u201d, son\u00a0<i><span style=\"text-decoration: underline;\">La Pesca del d\u00eda<\/span><\/i>(Langosta, Pescado dorado y Salm\u00f3n);\u00a0<i><span style=\"text-decoration: underline;\">Taco de At\u00fan<\/span><\/i>, (At\u00fan sellado en tortilla de harina, acompa\u00f1ado de una ensalada de julianas de betabel, col morada, y zanahorias con salsa de cacahuate cremosa;\u00a0<i><span style=\"text-decoration: underline;\">Salm\u00f3n Zarandeado<\/span><\/i>, (Salm\u00f3n a las brasas, acompa\u00f1ado de risotto poblano, elote y queso parmesano, en salsa cremosa de chile morr\u00f3n rostizado);\u00a0<i><span style=\"text-decoration: underline;\">Pulpo a las Brasas<\/span><\/i>, (Pulpo a las brasas, acompa\u00f1ado con chips de camote y aderezo t\u00e1rtara de la casa), y\u00a0<i><span style=\"text-decoration: underline;\">Espadilla de Camarones al pastor<\/span><\/i>, (Camarones zarandeados, acompa\u00f1ados con vegetales mixtos).<\/p>\n<p><a href=\"http:\/\/gdlfashion.com\/wp-content\/uploads\/2020\/03\/WhatsApp-Image-2020-03-06-at-2.12.09-PM.jpeg\"><img loading=\"lazy\" decoding=\"async\" class=\"size-medium wp-image-12432 alignright\" alt=\"WhatsApp Image 2020-03-06 at 2.12.09 PM\" src=\"http:\/\/gdlfashion.com\/wp-content\/uploads\/2020\/03\/WhatsApp-Image-2020-03-06-at-2.12.09-PM-300x197.jpeg\" width=\"300\" height=\"197\" srcset=\"https:\/\/gdlfashion.com\/wp-content\/uploads\/2020\/03\/WhatsApp-Image-2020-03-06-at-2.12.09-PM-300x197.jpeg 300w, https:\/\/gdlfashion.com\/wp-content\/uploads\/2020\/03\/WhatsApp-Image-2020-03-06-at-2.12.09-PM-83x55.jpeg 83w, https:\/\/gdlfashion.com\/wp-content\/uploads\/2020\/03\/WhatsApp-Image-2020-03-06-at-2.12.09-PM.jpeg 1021w\" sizes=\"(max-width: 300px) 100vw, 300px\" \/><\/a>Para hacer un correcto maridaje del men\u00fa\u00a0<b><i>\u201cMar y Parrilla\u201d<\/i><\/b>, se contar\u00e1 con una gran variedad de c\u00f3cteles de temporada, entre los que se encuentran: el\u00a0<i><span style=\"text-decoration: underline;\">Sorbete de frutos rojos con vino blanco<\/span><\/i>;\u00a0<i><span style=\"text-decoration: underline;\">Martini de mango especiado con ceniza de jamaica y romero<\/span><\/i>;\u00a0<i><span style=\"text-decoration: underline;\">Mezcal abocado yerbabuena, albahaca y pepino<\/span><\/i>; y\u00a0<i><span style=\"text-decoration: underline;\">Flama de Brandy Frang\u00e9lico con hielos de t\u00e9 de manzana y canela con humo de mezquite<\/span><\/i>.<\/p>\n<p><b>Para saber:<\/b><\/p>\n<p><a href=\"http:\/\/gdlfashion.com\/wp-content\/uploads\/2020\/03\/WhatsApp-Image-2020-03-06-at-2.12.09-PM-2.jpeg\"><img loading=\"lazy\" decoding=\"async\" class=\"size-medium wp-image-12431 alignleft\" alt=\"WhatsApp Image 2020-03-06 at 2.12.09 PM (2)\" src=\"http:\/\/gdlfashion.com\/wp-content\/uploads\/2020\/03\/WhatsApp-Image-2020-03-06-at-2.12.09-PM-2-280x300.jpeg\" width=\"280\" height=\"300\" srcset=\"https:\/\/gdlfashion.com\/wp-content\/uploads\/2020\/03\/WhatsApp-Image-2020-03-06-at-2.12.09-PM-2-280x300.jpeg 280w, https:\/\/gdlfashion.com\/wp-content\/uploads\/2020\/03\/WhatsApp-Image-2020-03-06-at-2.12.09-PM-2-51x55.jpeg 51w, https:\/\/gdlfashion.com\/wp-content\/uploads\/2020\/03\/WhatsApp-Image-2020-03-06-at-2.12.09-PM-2-300x320.jpeg 300w, https:\/\/gdlfashion.com\/wp-content\/uploads\/2020\/03\/WhatsApp-Image-2020-03-06-at-2.12.09-PM-2.jpeg 531w\" sizes=\"(max-width: 280px) 100vw, 280px\" \/><\/a>El Chef Uriel P\u00e9rez quien lleva 5 a\u00f1os liderando la cocina de 2 Mar\u00edas Cantina Mexicana y La Molienda Lapizl\u00e1zuli, trabaj\u00f3 como SubChef durante 15 a\u00f1os en el Restaurante Lahaina Grill en Maui, Hawai, que es considerado el \u201cMejor Restaurante en Maui\u201d desde 1994 al 2019, y estuvo dentro del \u201cTop 25 de os Mejores Restaurantes en Estados Unidos\u201d del 2014 al 2018.<\/p>\n<p>El festival comienza el\u00a0<b>04 de Febrero de 2020,\u00a0<\/b>y termina el\u00a0<b>30 de Abril de 2020.<\/b><\/p>\n<p><b><\/b><b>Horario en La Molienda y 2 Mar\u00edas:<\/b><\/p>\n<p style=\"text-align: center;\">Lunes a Domingo : 13:30 hrs. \u2013 al cierre.<\/p>\n<p style=\"text-align: center;\" align=\"center\"><b>M\u00e1s de La Molienda:<\/b><\/p>\n<p style=\"text-align: center;\" align=\"center\"><b>Facebook |\u00a0<\/b>LaMoliendaGDL<br \/>\n<b>Instagram |<\/b>\u00a0@moliendadecafe<\/p>\n<p style=\"text-align: center;\" align=\"center\"><b>&#8212;-<\/b><\/p>\n<p style=\"text-align: center;\" align=\"center\"><b>M\u00e1s de 2 Mar\u00edas:<\/b><\/p>\n<p style=\"text-align: center;\" align=\"center\">\u00a0<b>Facebook |\u00a0<\/b>@dosmariascantinamexicana<\/p>\n<p style=\"text-align: center;\" align=\"center\"><b>Instagram |<\/b>\u00a0@2mariascantina\u00a0#maryparrilla\u00a0#fuegoyparrilla<\/p>\n<p style=\"text-align: center;\" align=\"center\">\n","protected":false},"excerpt":{"rendered":"<p>\u00a0\u201cInicia el Festival Mar y Parrilla\u00bb La Molienda\u00a0y\u00a02 Mar\u00edas Cantina Mexicana, buscan renovar su men\u00fa, para ofrecerle a sus comensales&hellip;<\/p>\n","protected":false},"author":2,"featured_media":12430,"comment_status":"closed","ping_status":"closed","sticky":false,"template":"","format":"standard","meta":{"footnotes":""},"categories":[9,3],"tags":[],"_links":{"self":[{"href":"https:\/\/gdlfashion.com\/index.php?rest_route=\/wp\/v2\/posts\/12427"}],"collection":[{"href":"https:\/\/gdlfashion.com\/index.php?rest_route=\/wp\/v2\/posts"}],"about":[{"href":"https:\/\/gdlfashion.com\/index.php?rest_route=\/wp\/v2\/types\/post"}],"author":[{"embeddable":true,"href":"https:\/\/gdlfashion.com\/index.php?rest_route=\/wp\/v2\/users\/2"}],"replies":[{"embeddable":true,"href":"https:\/\/gdlfashion.com\/index.php?rest_route=%2Fwp%2Fv2%2Fcomments&post=12427"}],"version-history":[{"count":5,"href":"https:\/\/gdlfashion.com\/index.php?rest_route=\/wp\/v2\/posts\/12427\/revisions"}],"predecessor-version":[{"id":12439,"href":"https:\/\/gdlfashion.com\/index.php?rest_route=\/wp\/v2\/posts\/12427\/revisions\/12439"}],"wp:featuredmedia":[{"embeddable":true,"href":"https:\/\/gdlfashion.com\/index.php?rest_route=\/wp\/v2\/media\/12430"}],"wp:attachment":[{"href":"https:\/\/gdlfashion.com\/index.php?rest_route=%2Fwp%2Fv2%2Fmedia&parent=12427"}],"wp:term":[{"taxonomy":"category","embeddable":true,"href":"https:\/\/gdlfashion.com\/index.php?rest_route=%2Fwp%2Fv2%2Fcategories&post=12427"},{"taxonomy":"post_tag","embeddable":true,"href":"https:\/\/gdlfashion.com\/index.php?rest_route=%2Fwp%2Fv2%2Ftags&post=12427"}],"curies":[{"name":"wp","href":"https:\/\/api.w.org\/{rel}","templated":true}]}}