{"id":12081,"date":"2020-02-13T19:45:42","date_gmt":"2020-02-13T19:45:42","guid":{"rendered":"http:\/\/gdlfashion.com\/?p=12081"},"modified":"2020-02-13T19:45:42","modified_gmt":"2020-02-13T19:45:42","slug":"carlos-asse","status":"publish","type":"post","link":"https:\/\/gdlfashion.com\/?p=12081","title":{"rendered":"Carlos Asse"},"content":{"rendered":"<p><a href=\"http:\/\/gdlfashion.com\/wp-content\/uploads\/2020\/02\/1B.jpg\"><img loading=\"lazy\" decoding=\"async\" class=\"size-medium wp-image-12082 alignleft\" alt=\"1B\" src=\"http:\/\/gdlfashion.com\/wp-content\/uploads\/2020\/02\/1B-200x300.jpg\" width=\"200\" height=\"300\" srcset=\"https:\/\/gdlfashion.com\/wp-content\/uploads\/2020\/02\/1B-200x300.jpg 200w, https:\/\/gdlfashion.com\/wp-content\/uploads\/2020\/02\/1B-682x1024.jpg 682w, https:\/\/gdlfashion.com\/wp-content\/uploads\/2020\/02\/1B-36x55.jpg 36w, https:\/\/gdlfashion.com\/wp-content\/uploads\/2020\/02\/1B-300x450.jpg 300w\" sizes=\"(max-width: 200px) 100vw, 200px\" \/><\/a>Carlos Asse es un galardonado director de cine mexicano que actualmente reside en Los \u00c1ngeles, California. Se mud\u00f3 a los Estados Unidos en diciembre del 2015 para iniciar sus estudios en direcci\u00f3n de cine y gui\u00f3n en el 2016, y ha vivido ah\u00ed desde entonces.<\/p>\n<p>Carlos naci\u00f3 y creci\u00f3 en la Ciudad de M\u00e9xico. Desde peque\u00f1o se caracteriz\u00f3 por ser un ni\u00f1o muy activo, y gracias a la educaci\u00f3n que recibi\u00f3 de sus padres siempre se involucr\u00f3 con su comunidad activamente, y creci\u00f3 rodeado de arte y diversidad. A la edad de 17 a\u00f1os, se convirti\u00f3 en el l\u00edder principal de un movimiento juvenil en la Ciudad de M\u00e9xico de 2013 a 2016. Esta organizaci\u00f3n se concentra en la \u00b4educaci\u00f3n no formal\u00b4 para ni\u00f1os de entre 6 y 15 a\u00f1os y est\u00e1 enfocada en arte, historia, valores universales y el medio ambiente. Carlos asegura que su participaci\u00f3n en esta organizaci\u00f3n lo influy\u00f3 inmensamente y funcion\u00f3 como un espacio donde Carlos expandi\u00f3 su creatividad y habilidades interpersonales, y finalmente lo llev\u00f3 a perseguir una carrera en cine.<\/p>\n<p><a href=\"http:\/\/gdlfashion.com\/wp-content\/uploads\/2020\/02\/31.jpg\"><img loading=\"lazy\" decoding=\"async\" class=\"size-medium wp-image-12084 alignright\" alt=\"3\" src=\"http:\/\/gdlfashion.com\/wp-content\/uploads\/2020\/02\/31-200x300.jpg\" width=\"200\" height=\"300\" srcset=\"https:\/\/gdlfashion.com\/wp-content\/uploads\/2020\/02\/31-200x300.jpg 200w, https:\/\/gdlfashion.com\/wp-content\/uploads\/2020\/02\/31-682x1024.jpg 682w, https:\/\/gdlfashion.com\/wp-content\/uploads\/2020\/02\/31-36x55.jpg 36w, https:\/\/gdlfashion.com\/wp-content\/uploads\/2020\/02\/31-300x450.jpg 300w\" sizes=\"(max-width: 200px) 100vw, 200px\" \/><\/a>Antes de mudarse a Los \u00c1ngeles, Asse trabaj\u00f3 en prestigiosos sets en la Ciudad de M\u00e9xico con algunos de los principales estudios y casas productoras ah\u00ed, como Alazraki Films, Red Elephant Films y Fosforescente. Trabaj\u00f3 en videos musicales para el aclamado cantante Sam Smith con la productora Contenido Neto, en comerciales para la serie de Netflix Hemlock Grove y Make a Wish Foundation, y en sets de pel\u00edculas premiadas internacionalmente como El Incidente y Los Parecidos. Fue por su talento y trabajo que recibi\u00f3 una beca para estudiar en el extranjero. En enero de 2016 comenz\u00f3 sus estudios en los Los \u00c1ngeles.<\/p>\n<p>Carlos se ha ganado el respeto de cineastas aclamados en los Estados Unidos y en el extranjero y ha sido galardonado por mejor pel\u00edcula y mejor director en varios festivales. Comenzando con sus cortometrajes Tied y Undercover, que han sido selecciones oficiales en festivales alrededor de los Estados Unidos, Canad\u00e1 y Europa. Tied se estren\u00f3 en el Fake Flesh Film Festival en Canad\u00e1 en 2017 y gan\u00f3 el Premio al Mejor Cortometraje en su categor\u00eda en Berl\u00edn en 2019. Undercover se estren\u00f3 en el respetado Miami Independent Film Festival en 2017 y termin\u00f3 su recorrido por festivales a mediados de 2019 en un festival en Italia.<\/p>\n<p><a href=\"http:\/\/gdlfashion.com\/wp-content\/uploads\/2020\/02\/9B.jpg\"><img loading=\"lazy\" decoding=\"async\" class=\"size-medium wp-image-12085 alignleft\" alt=\"9B\" src=\"http:\/\/gdlfashion.com\/wp-content\/uploads\/2020\/02\/9B-200x300.jpg\" width=\"200\" height=\"300\" srcset=\"https:\/\/gdlfashion.com\/wp-content\/uploads\/2020\/02\/9B-200x300.jpg 200w, https:\/\/gdlfashion.com\/wp-content\/uploads\/2020\/02\/9B-682x1024.jpg 682w, https:\/\/gdlfashion.com\/wp-content\/uploads\/2020\/02\/9B-36x55.jpg 36w, https:\/\/gdlfashion.com\/wp-content\/uploads\/2020\/02\/9B-300x450.jpg 300w\" sizes=\"(max-width: 200px) 100vw, 200px\" \/><\/a>Su siguiente pel\u00edcula, Contracorriente (\u00abAgainst the Stream\u00bb, en ingl\u00e9s) ha posicionado a Carlos entre la industria cinematogr\u00e1fica en los Estados Unidos y M\u00e9xico. Contracorriente se estren\u00f3 en el aclamado Festival de Cannes, en Francia en una secci\u00f3n fuera de competencia en 2019 y tuvo premier mexicana en el Festival de Cine de Oaxaca, uno de los m\u00e1s grandes de M\u00e9xico, que es comisionado por el renombrado Instituto Sundance. Contracorriente ha sido seleccionado oficialmente en diferentes festivales en los Estados Unidos como Short + Sweet Film Festival, Panafest LA, entre otros, y gan\u00f3 el premio al Mejor Cortometraje en el Short Film Factory en Bucarest, Rumania. Esta pel\u00edcula a\u00fan no ha completado su exitoso recorrido por festivales.<\/p>\n<p>El proyecto narrativo m\u00e1s reciente de Carlos, una pel\u00edcula experimental titulada Dark at Sea ha sido publicada por reconocidos medios y ha sido seleccionada y ganadora de premios en festivales alrededor del mundo. Dark at Sea fue lanzado por Booooooom TV, un aclamado sitio curatorial, destacando talentos emergentes de todo el mundo, a principios de 2019, seguido de una publicaci\u00f3n de Mache Digital. Dark at Sea fue selecci\u00f3n oficial en Director Notes y Film Shortage a principios de este a\u00f1o, gan\u00f3 el premio a Mejor Cortometraje Experimental en el Directors Circle Festival of Shorts, en Filadelfia el 7 de diciembre de 2019 y se proyectar\u00e1 como selecci\u00f3n oficial en el Festival Anual de Cine de Copenhague, en Dinamarca en marzo de 2020.<\/p>\n<p><a href=\"http:\/\/gdlfashion.com\/wp-content\/uploads\/2020\/02\/3B.jpg\"><img loading=\"lazy\" decoding=\"async\" class=\"size-medium wp-image-12086 alignright\" alt=\"3B\" src=\"http:\/\/gdlfashion.com\/wp-content\/uploads\/2020\/02\/3B-219x300.jpg\" width=\"219\" height=\"300\" srcset=\"https:\/\/gdlfashion.com\/wp-content\/uploads\/2020\/02\/3B-219x300.jpg 219w, https:\/\/gdlfashion.com\/wp-content\/uploads\/2020\/02\/3B-749x1024.jpg 749w, https:\/\/gdlfashion.com\/wp-content\/uploads\/2020\/02\/3B-40x55.jpg 40w, https:\/\/gdlfashion.com\/wp-content\/uploads\/2020\/02\/3B-300x410.jpg 300w\" sizes=\"(max-width: 219px) 100vw, 219px\" \/><\/a>Sus logros m\u00e1s recientes incluyen la \u00faltima campa\u00f1a que se ofreci\u00f3 a dirigir voluntariamente para la organizaci\u00f3n sin fines de lucro llamada Aliento, con sede en Arizona. Aliento se enfoca en curar el trauma de los j\u00f3venes en situaciones desfavorables de Arizona a trav\u00e9s de las artes y la educaci\u00f3n. Aliento tambi\u00e9n ofrece programas continuos de liderazgo para unir y educar a los l\u00edderes del ma\u00f1ana. Es debido a los antecedentes de Carlos y su involucramiento en el movimiento juvenil en la Ciudad de M\u00e9xico que empatiz\u00f3 profundamente con la misi\u00f3n de Aliento y decidi\u00f3 ofrecer voluntariamente su tiempo y talento para dirigir esta campa\u00f1a, titulada Sin Miedo. El primer video de la campa\u00f1a se transmiti\u00f3 por televisi\u00f3n nacional en Telemundo\/NBC Universal, uno de los medios de comunicaci\u00f3n l\u00edderes a nivel internacional a principios de diciembre 2019. Este mismo video fue transmitido nuevamente en la televisi\u00f3n por cable el 9 de diciembre en el juego de la NBA de los Phoenix Suns contra los Minnesota Timberwolves. Otro video de esta misma campa\u00f1a y un documental dirigido por Carlos est\u00e1n programados para ser lanzados en 2020.<\/p>\n<p>Adem\u00e1s, Carlos ha dirigido videos musicales y documentales que juntos han acumulado millones de visitas en YouTube y Vimeo. Carlos fue reconocido como un escritor notable en el Festival de Televisi\u00f3n de Nueva York 2018 con su presentaci\u00f3n del gui\u00f3n \u00abFar Apart\u00bb, lo cual le dio la oportunidad a Carlos de tener platicas con agentes y ejecutivos de estudios importantes en la industria del entretenimiento. Carlos permanece activamente desarrollando este guion mientras trabaja en nuevos proyectos y est\u00e1 en constante di\u00e1logo con managers y agentes interesados en representarlo como cineasta.<\/p>\n<p>&nbsp;<\/p>\n","protected":false},"excerpt":{"rendered":"<p>Carlos Asse es un galardonado director de cine mexicano que actualmente reside en Los \u00c1ngeles, California. Se mud\u00f3 a los&hellip;<\/p>\n","protected":false},"author":2,"featured_media":12083,"comment_status":"closed","ping_status":"closed","sticky":false,"template":"","format":"standard","meta":{"footnotes":""},"categories":[1],"tags":[],"_links":{"self":[{"href":"https:\/\/gdlfashion.com\/index.php?rest_route=\/wp\/v2\/posts\/12081"}],"collection":[{"href":"https:\/\/gdlfashion.com\/index.php?rest_route=\/wp\/v2\/posts"}],"about":[{"href":"https:\/\/gdlfashion.com\/index.php?rest_route=\/wp\/v2\/types\/post"}],"author":[{"embeddable":true,"href":"https:\/\/gdlfashion.com\/index.php?rest_route=\/wp\/v2\/users\/2"}],"replies":[{"embeddable":true,"href":"https:\/\/gdlfashion.com\/index.php?rest_route=%2Fwp%2Fv2%2Fcomments&post=12081"}],"version-history":[{"count":1,"href":"https:\/\/gdlfashion.com\/index.php?rest_route=\/wp\/v2\/posts\/12081\/revisions"}],"predecessor-version":[{"id":12087,"href":"https:\/\/gdlfashion.com\/index.php?rest_route=\/wp\/v2\/posts\/12081\/revisions\/12087"}],"wp:featuredmedia":[{"embeddable":true,"href":"https:\/\/gdlfashion.com\/index.php?rest_route=\/wp\/v2\/media\/12083"}],"wp:attachment":[{"href":"https:\/\/gdlfashion.com\/index.php?rest_route=%2Fwp%2Fv2%2Fmedia&parent=12081"}],"wp:term":[{"taxonomy":"category","embeddable":true,"href":"https:\/\/gdlfashion.com\/index.php?rest_route=%2Fwp%2Fv2%2Fcategories&post=12081"},{"taxonomy":"post_tag","embeddable":true,"href":"https:\/\/gdlfashion.com\/index.php?rest_route=%2Fwp%2Fv2%2Ftags&post=12081"}],"curies":[{"name":"wp","href":"https:\/\/api.w.org\/{rel}","templated":true}]}}