{"id":11129,"date":"2019-08-10T22:47:48","date_gmt":"2019-08-10T22:47:48","guid":{"rendered":"http:\/\/gdlfashion.com\/?p=11129"},"modified":"2019-08-10T22:47:48","modified_gmt":"2019-08-10T22:47:48","slug":"cynthia-gonzalez","status":"publish","type":"post","link":"https:\/\/gdlfashion.com\/?p=11129","title":{"rendered":"Cynthia Gonz\u00e1lez"},"content":{"rendered":"<h2>Dise\u00f1o en Pura Palma<\/h2>\n<p><a href=\"http:\/\/gdlfashion.com\/wp-content\/uploads\/2019\/08\/2019JulioB23.jpg\"><img loading=\"lazy\" decoding=\"async\" class=\"alignnone size-medium wp-image-11130\" alt=\"2019JulioB23\" src=\"http:\/\/gdlfashion.com\/wp-content\/uploads\/2019\/08\/2019JulioB23-300x187.jpg\" width=\"300\" height=\"187\" srcset=\"https:\/\/gdlfashion.com\/wp-content\/uploads\/2019\/08\/2019JulioB23-300x187.jpg 300w, https:\/\/gdlfashion.com\/wp-content\/uploads\/2019\/08\/2019JulioB23-1024x639.jpg 1024w, https:\/\/gdlfashion.com\/wp-content\/uploads\/2019\/08\/2019JulioB23-88x55.jpg 88w\" sizes=\"(max-width: 300px) 100vw, 300px\" \/><\/a><\/p>\n<p><a href=\"http:\/\/gdlfashion.com\/wp-content\/uploads\/2019\/07\/Portada-JulioB2019.jpg\"><img loading=\"lazy\" decoding=\"async\" class=\"size-medium wp-image-10909 alignright\" alt=\"Portada JulioB2019\" src=\"http:\/\/gdlfashion.com\/wp-content\/uploads\/2019\/07\/Portada-JulioB2019-240x300.jpg\" width=\"240\" height=\"300\" srcset=\"https:\/\/gdlfashion.com\/wp-content\/uploads\/2019\/07\/Portada-JulioB2019-240x300.jpg 240w, https:\/\/gdlfashion.com\/wp-content\/uploads\/2019\/07\/Portada-JulioB2019-819x1024.jpg 819w, https:\/\/gdlfashion.com\/wp-content\/uploads\/2019\/07\/Portada-JulioB2019-44x55.jpg 44w, https:\/\/gdlfashion.com\/wp-content\/uploads\/2019\/07\/Portada-JulioB2019-300x374.jpg 300w, https:\/\/gdlfashion.com\/wp-content\/uploads\/2019\/07\/Portada-JulioB2019.jpg 1107w\" sizes=\"(max-width: 240px) 100vw, 240px\" \/><\/a>Platicamos con una chica que esta en la cabeza de todas las bellas Tapat\u00edas, luciendo su maravillosos dise\u00f1os y vreatividad que le pone a cada uno de sus sombreros hechos al 100% por manos Mexicanas y con palma ultra fina, es as\u00ed como Cynthia Gonz\u00e1lez nos platica de ella y de su marca Pura Palma.<\/p>\n<p><strong>\u00bfQu\u00e9 estudiaste?\u00a0<\/strong><\/p>\n<p>Estudie: Administraci\u00f3n y Negocios Internacionales en la Universidad Panamericana<\/p>\n<p><strong>\u00bfDe d\u00f3nde eres?<\/strong><\/p>\n<p>Soy, Tijuana, Baja California<\/p>\n<p><strong><a href=\"http:\/\/gdlfashion.com\/wp-content\/uploads\/2019\/08\/2019JulioB46.jpg\"><img loading=\"lazy\" decoding=\"async\" class=\"size-medium wp-image-11133 alignleft\" alt=\"2019JulioB46\" src=\"http:\/\/gdlfashion.com\/wp-content\/uploads\/2019\/08\/2019JulioB46-240x300.jpg\" width=\"240\" height=\"300\" srcset=\"https:\/\/gdlfashion.com\/wp-content\/uploads\/2019\/08\/2019JulioB46-240x300.jpg 240w, https:\/\/gdlfashion.com\/wp-content\/uploads\/2019\/08\/2019JulioB46-819x1024.jpg 819w, https:\/\/gdlfashion.com\/wp-content\/uploads\/2019\/08\/2019JulioB46-44x55.jpg 44w, https:\/\/gdlfashion.com\/wp-content\/uploads\/2019\/08\/2019JulioB46-300x374.jpg 300w, https:\/\/gdlfashion.com\/wp-content\/uploads\/2019\/08\/2019JulioB46.jpg 1107w\" sizes=\"(max-width: 240px) 100vw, 240px\" \/><\/a>\u00bfQu\u00e9 haces en tus ratos libres?<\/strong><\/p>\n<p>Pasar el tiempo con mi familia, con amigas, hacer ejercicio, y estar decorando los sombreros jeje es mi pasi\u00f3n.<\/p>\n<p><strong>\u00bfQu\u00e9 m\u00fasica es tu favorita?\u00a0<\/strong><\/p>\n<p>Bossa nova, house music y pop.<\/p>\n<p>Manejas miles de colores en tu dise\u00f1o, \u00bfcual es tu favorite?<\/p>\n<p>Blanco, con el que me siento m\u00e1s comoda y feliz.<\/p>\n<p><strong><a href=\"http:\/\/gdlfashion.com\/wp-content\/uploads\/2019\/08\/2019JulioB47.jpg\"><img loading=\"lazy\" decoding=\"async\" class=\"size-medium wp-image-11134 alignright\" alt=\"2019JulioB47\" src=\"http:\/\/gdlfashion.com\/wp-content\/uploads\/2019\/08\/2019JulioB47-240x300.jpg\" width=\"240\" height=\"300\" srcset=\"https:\/\/gdlfashion.com\/wp-content\/uploads\/2019\/08\/2019JulioB47-240x300.jpg 240w, https:\/\/gdlfashion.com\/wp-content\/uploads\/2019\/08\/2019JulioB47-819x1024.jpg 819w, https:\/\/gdlfashion.com\/wp-content\/uploads\/2019\/08\/2019JulioB47-44x55.jpg 44w, https:\/\/gdlfashion.com\/wp-content\/uploads\/2019\/08\/2019JulioB47-300x374.jpg 300w, https:\/\/gdlfashion.com\/wp-content\/uploads\/2019\/08\/2019JulioB47.jpg 1107w\" sizes=\"(max-width: 240px) 100vw, 240px\" \/><\/a>\u00bfC\u00f3mo nace la idea de Pura Palma?<\/strong><\/p>\n<p>Me volv\u00ed fan\u00e1tica de usar sombreros, antes compraba y les cambiaba algo a mi gusto, a mis amigas les gustaba mucho las modificaciones que les hacia a los sombreros,\u00a0\u00a0as\u00ed que decid\u00ed hacer mi propia marca de sombreros con dise\u00f1os autenticos, creativos y 100% Mexicanos.<\/p>\n<p><strong>\u00bfC\u00f3mo te inspiras para los dise\u00f1os de tus sombreros?<\/strong><\/p>\n<p>Me baso mucho en tendencias actuales pero con el toque de mis gustos y que me pondr\u00eda yo, no hago un dise\u00f1o que yo no usar\u00eda sobre todo que se vea elegante y te de un s\u00edmbolo de distinci\u00f3n.<\/p>\n<p><strong><a href=\"http:\/\/gdlfashion.com\/wp-content\/uploads\/2019\/08\/2019JulioB48.jpg\"><img loading=\"lazy\" decoding=\"async\" class=\"size-medium wp-image-11135 alignleft\" alt=\"2019JulioB48\" src=\"http:\/\/gdlfashion.com\/wp-content\/uploads\/2019\/08\/2019JulioB48-240x300.jpg\" width=\"240\" height=\"300\" srcset=\"https:\/\/gdlfashion.com\/wp-content\/uploads\/2019\/08\/2019JulioB48-240x300.jpg 240w, https:\/\/gdlfashion.com\/wp-content\/uploads\/2019\/08\/2019JulioB48-819x1024.jpg 819w, https:\/\/gdlfashion.com\/wp-content\/uploads\/2019\/08\/2019JulioB48-44x55.jpg 44w, https:\/\/gdlfashion.com\/wp-content\/uploads\/2019\/08\/2019JulioB48-300x374.jpg 300w, https:\/\/gdlfashion.com\/wp-content\/uploads\/2019\/08\/2019JulioB48.jpg 1107w\" sizes=\"(max-width: 240px) 100vw, 240px\" \/><\/a>\u00bfDe que est\u00e1n hechos ?\u00a0<\/strong><\/p>\n<p>De palma muy fina 100% hechos en Mexico de principio a fin<\/p>\n<p><strong>\u00bfDonde hacen los sombreros?\u00a0<\/strong><\/p>\n<p>En guerrero por artesanos mexicanos, con un material super fino, que dicen que ah\u00ed se hace los mejores sombreros de palma en M\u00e9xico.<\/p>\n<p><strong>\u00bfUn sombrero que le suma a tu look?<\/strong><\/p>\n<p>Para mi un sombrero es el toque que le da estilo a tu outfit, un simple outfit cambia radicalmente cuando le agregas un sombrero, quien lleva un sombrero suma personalidad y elegancia.<\/p>\n<p><strong><a href=\"http:\/\/gdlfashion.com\/wp-content\/uploads\/2019\/08\/2019JulioB49.jpg\"><img loading=\"lazy\" decoding=\"async\" class=\"size-medium wp-image-11136 alignright\" alt=\"2019JulioB49\" src=\"http:\/\/gdlfashion.com\/wp-content\/uploads\/2019\/08\/2019JulioB49-240x300.jpg\" width=\"240\" height=\"300\" srcset=\"https:\/\/gdlfashion.com\/wp-content\/uploads\/2019\/08\/2019JulioB49-240x300.jpg 240w, https:\/\/gdlfashion.com\/wp-content\/uploads\/2019\/08\/2019JulioB49-819x1024.jpg 819w, https:\/\/gdlfashion.com\/wp-content\/uploads\/2019\/08\/2019JulioB49-44x55.jpg 44w, https:\/\/gdlfashion.com\/wp-content\/uploads\/2019\/08\/2019JulioB49-300x374.jpg 300w, https:\/\/gdlfashion.com\/wp-content\/uploads\/2019\/08\/2019JulioB49.jpg 1107w\" sizes=\"(max-width: 240px) 100vw, 240px\" \/><\/a>\u00bfCuando usar un sombrero ?<\/strong><\/p>\n<p>Hay sombreros para toda ocasi\u00f3n, se pueden usar en la playa, en invierno o en fiestas, me encanta porque los agregas a tu look de mama, un toque elegante y fino, b as\u00ed si no tuviste tiempo para peinarte no se nota jajaja<\/p>\n<p><strong>\u00bfPara que ocasi\u00f3n son los sombreros de Pura Palma ?<\/strong><\/p>\n<p>Los puedes usar en la ciudad, en viajes,\u00a0en la playa, son ideales para un d\u00eda soleado y que te den sofisticaci\u00f3n y elegancia, hacen que sobresalgas de los dem\u00e1s.<\/p>\n<p><strong><a href=\"http:\/\/gdlfashion.com\/wp-content\/uploads\/2019\/08\/IMG_9989.jpg\"><img loading=\"lazy\" decoding=\"async\" class=\"size-medium wp-image-11137 alignleft\" alt=\"IMG_9989\" src=\"http:\/\/gdlfashion.com\/wp-content\/uploads\/2019\/08\/IMG_9989-300x200.jpg\" width=\"300\" height=\"200\" srcset=\"https:\/\/gdlfashion.com\/wp-content\/uploads\/2019\/08\/IMG_9989-300x200.jpg 300w, https:\/\/gdlfashion.com\/wp-content\/uploads\/2019\/08\/IMG_9989-1024x682.jpg 1024w, https:\/\/gdlfashion.com\/wp-content\/uploads\/2019\/08\/IMG_9989-82x55.jpg 82w\" sizes=\"(max-width: 300px) 100vw, 300px\" \/><\/a>\u00bfQue viene para Pura Palma metas?<\/strong><\/p>\n<p>Que conozcan mi marca en toda la Rep\u00fablica, ahora estoy vendiendo PuraPalma en San Diego lo cual a mi corto tiempo que llevo y me hayan buscado era una de mis metas, quiero expandirme en el mercado de caballeros y\u00a0\u00a0m\u00e1s adelante espero que PuraPalma se pueda vender en muchas partes del mundo, esa es mi gran meta!<\/p>\n<p><strong><a href=\"http:\/\/gdlfashion.com\/wp-content\/uploads\/2019\/08\/IMG_0017.jpg\"><img loading=\"lazy\" decoding=\"async\" class=\"size-medium wp-image-11138 alignright\" alt=\"IMG_0017\" src=\"http:\/\/gdlfashion.com\/wp-content\/uploads\/2019\/08\/IMG_0017-200x300.jpg\" width=\"200\" height=\"300\" srcset=\"https:\/\/gdlfashion.com\/wp-content\/uploads\/2019\/08\/IMG_0017-200x300.jpg 200w, https:\/\/gdlfashion.com\/wp-content\/uploads\/2019\/08\/IMG_0017-682x1024.jpg 682w, https:\/\/gdlfashion.com\/wp-content\/uploads\/2019\/08\/IMG_0017-36x55.jpg 36w, https:\/\/gdlfashion.com\/wp-content\/uploads\/2019\/08\/IMG_0017-300x450.jpg 300w\" sizes=\"(max-width: 200px) 100vw, 200px\" \/><\/a>\u00bfFacetas de empresaria mam\u00e1 y esposa?<\/strong><\/p>\n<p>Ay es muy complicado pero no imposible me decid\u00ed emprender este negocio porque me encanta decorar cada sombrero a mi gusto, me encanta ser mam\u00e1 amo a mi hija y mi esposo es un gran apoyo para mi, as\u00ed que con ese apoyo me organizo mis tiempos para cada cosa adem\u00e1s que soy una persona muy activa no puedo estar tranquila jajaja.<\/p>\n<p><strong>\u00bfDe donde te informas de las tendencians para estar al d\u00eda?<\/strong><\/p>\n<p>Principalmente Instagram es una gran fuente, tengo mis bloggers favoritas que se visten de acuerdo a todo mi estilo que es siempre estar elegante y c\u00f3moda y en los viajes te sirven mucho para inspirarte y abrir tus horizontes e idea.<\/p>\n<p>M\u00e1s informaci\u00f3n en:<\/p>\n<p><a href=\"https:\/\/www.instagram.com\/purapalmamx\/\">https:\/\/www.instagram.com\/purapalmamx\/<\/a><\/p>\n<p>&nbsp;<\/p>\n<p>&nbsp;<\/p>\n","protected":false},"excerpt":{"rendered":"<p>Dise\u00f1o en Pura Palma Platicamos con una chica que esta en la cabeza de todas las bellas Tapat\u00edas, luciendo su&hellip;<\/p>\n","protected":false},"author":2,"featured_media":11140,"comment_status":"closed","ping_status":"closed","sticky":false,"template":"","format":"standard","meta":{"footnotes":""},"categories":[9,1,3],"tags":[],"_links":{"self":[{"href":"https:\/\/gdlfashion.com\/index.php?rest_route=\/wp\/v2\/posts\/11129"}],"collection":[{"href":"https:\/\/gdlfashion.com\/index.php?rest_route=\/wp\/v2\/posts"}],"about":[{"href":"https:\/\/gdlfashion.com\/index.php?rest_route=\/wp\/v2\/types\/post"}],"author":[{"embeddable":true,"href":"https:\/\/gdlfashion.com\/index.php?rest_route=\/wp\/v2\/users\/2"}],"replies":[{"embeddable":true,"href":"https:\/\/gdlfashion.com\/index.php?rest_route=%2Fwp%2Fv2%2Fcomments&post=11129"}],"version-history":[{"count":1,"href":"https:\/\/gdlfashion.com\/index.php?rest_route=\/wp\/v2\/posts\/11129\/revisions"}],"predecessor-version":[{"id":11141,"href":"https:\/\/gdlfashion.com\/index.php?rest_route=\/wp\/v2\/posts\/11129\/revisions\/11141"}],"wp:featuredmedia":[{"embeddable":true,"href":"https:\/\/gdlfashion.com\/index.php?rest_route=\/wp\/v2\/media\/11140"}],"wp:attachment":[{"href":"https:\/\/gdlfashion.com\/index.php?rest_route=%2Fwp%2Fv2%2Fmedia&parent=11129"}],"wp:term":[{"taxonomy":"category","embeddable":true,"href":"https:\/\/gdlfashion.com\/index.php?rest_route=%2Fwp%2Fv2%2Fcategories&post=11129"},{"taxonomy":"post_tag","embeddable":true,"href":"https:\/\/gdlfashion.com\/index.php?rest_route=%2Fwp%2Fv2%2Ftags&post=11129"}],"curies":[{"name":"wp","href":"https:\/\/api.w.org\/{rel}","templated":true}]}}