{"id":11114,"date":"2019-08-07T15:42:54","date_gmt":"2019-08-07T15:42:54","guid":{"rendered":"http:\/\/gdlfashion.com\/?p=11114"},"modified":"2019-08-07T16:28:15","modified_gmt":"2019-08-07T16:28:15","slug":"presentan-impulso-emprendete","status":"publish","type":"post","link":"https:\/\/gdlfashion.com\/?p=11114","title":{"rendered":"Presentan Impulso Empr\u00e9ndete"},"content":{"rendered":"<h2 align=\"center\"><b>5ta. GENERACI\u00d3N<\/b><\/h2>\n<p align=\"center\"><i>Impulso Empr\u00e9ndete es un reality empresarial que busca acelerar a las MiPymes mexicanas a trav\u00e9s de mentor\u00edas profesionales y expertos empresarios.<\/i><\/p>\n<p><i>\u00a0<\/i><i>El objetivo es aumentar los conocimientos te\u00f3ricos y pr\u00e1cticos de los empresarios que est\u00e1n al frente de un negocio basados en seis \u00e1reas b\u00e1sicas para lograr el \u00e9xito de su empresa.<\/i><\/p>\n<p><i><a href=\"http:\/\/gdlfashion.com\/wp-content\/uploads\/2019\/08\/IMG_3195.jpg\"><img loading=\"lazy\" decoding=\"async\" class=\"size-medium wp-image-11115 alignright\" alt=\"IMG_3195\" src=\"http:\/\/gdlfashion.com\/wp-content\/uploads\/2019\/08\/IMG_3195-300x200.jpg\" width=\"300\" height=\"200\" srcset=\"https:\/\/gdlfashion.com\/wp-content\/uploads\/2019\/08\/IMG_3195-300x200.jpg 300w, https:\/\/gdlfashion.com\/wp-content\/uploads\/2019\/08\/IMG_3195-1024x682.jpg 1024w, https:\/\/gdlfashion.com\/wp-content\/uploads\/2019\/08\/IMG_3195-82x55.jpg 82w\" sizes=\"(max-width: 300px) 100vw, 300px\" \/><\/a><\/i>Con el objetivo\u00a0incrementar la cultura empresarial y la institucionalizaci\u00f3n de las mismas, <strong>Impulso Empr\u00e9ndete<\/strong> llega a su quinto a\u00f1o consecutivo, brindando\u00a0un aceleramiento a las\u00a0MiPymes mexicanas, a trav\u00e9s de capacitaciones y mentor\u00edas en seis \u00e1reas que fortalecen la estructura de un negocio.<\/p>\n<p><strong>Impulso Empr\u00e9ndete<\/strong> naci\u00f3 hace cinco a\u00f1os del inter\u00e9s de capacitar, fortalecer y promover en los l\u00edderes de un negocio una nueva cultura empresarial, a fin de\u00a0contribuir a la generaci\u00f3n de empleos y crecimiento de la econom\u00eda nacional.<\/p>\n<p>Por ello \u00e9ste a\u00f1o las seis \u00e1reas de mentor\u00edas para los empresarios se enfocar\u00e1n en los segmentos:\u00a0\u00a0Legal Corporativo, Fiscal Contable, Ventas, Marketing, Liderazgo Directivo y Recursos Humanos.<\/p>\n<p><a href=\"http:\/\/gdlfashion.com\/wp-content\/uploads\/2019\/08\/IMG_3164.jpg\"><img loading=\"lazy\" decoding=\"async\" class=\"size-medium wp-image-11116 alignleft\" alt=\"IMG_3164\" src=\"http:\/\/gdlfashion.com\/wp-content\/uploads\/2019\/08\/IMG_3164-300x200.jpg\" width=\"300\" height=\"200\" srcset=\"https:\/\/gdlfashion.com\/wp-content\/uploads\/2019\/08\/IMG_3164-300x200.jpg 300w, https:\/\/gdlfashion.com\/wp-content\/uploads\/2019\/08\/IMG_3164-1024x682.jpg 1024w, https:\/\/gdlfashion.com\/wp-content\/uploads\/2019\/08\/IMG_3164-82x55.jpg 82w\" sizes=\"(max-width: 300px) 100vw, 300px\" \/><\/a>Adem\u00e1s contar\u00e1n con dos Master Class, como un extra a las mentor\u00edas: conocimiento de la \u201cMetodolog\u00eda Lego\u00a0<i>Serious Place<\/i>\u201d para Empresas, y \u201cProtocolo e Imagen Empresarial para l\u00edderes\u201d.<\/p>\n<p>\u201cHa sido todo un aprendizaje estos 4 a\u00f1os nuestro programa de aceleraci\u00f3n Impulso Empr\u00e9ndete; hemos tenido empresas en diferentes etapas de maduraci\u00f3n, eso nos ha llevado a mejorar nuestro esquema de aceleramiento para MiPymes mexicanas, ofreci\u00e9ndoles mentor\u00edas m\u00e1s acordes a los retos que ellas enfrentan\u201d, se\u00f1al\u00f3 Alejandra P\u00e9rez, Directora general de Impulso Empr\u00e9ndete.<\/p>\n<p>Este a\u00f1o las empresas aceleradas nuevamente contar\u00e1n con un \u201cDiagn\u00f3stico de maduraci\u00f3n\u201d, con 50\u00a0horas de trabajo en campo, dedicadas a los procesos internos del negocio.<\/p>\n<p><a href=\"http:\/\/gdlfashion.com\/wp-content\/uploads\/2019\/08\/IMG_3174.jpg\"><img loading=\"lazy\" decoding=\"async\" class=\"size-medium wp-image-11117 alignright\" alt=\"IMG_3174\" src=\"http:\/\/gdlfashion.com\/wp-content\/uploads\/2019\/08\/IMG_3174-300x200.jpg\" width=\"300\" height=\"200\" srcset=\"https:\/\/gdlfashion.com\/wp-content\/uploads\/2019\/08\/IMG_3174-300x200.jpg 300w, https:\/\/gdlfashion.com\/wp-content\/uploads\/2019\/08\/IMG_3174-1024x682.jpg 1024w, https:\/\/gdlfashion.com\/wp-content\/uploads\/2019\/08\/IMG_3174-82x55.jpg 82w\" sizes=\"(max-width: 300px) 100vw, 300px\" \/><\/a>Los organizadores comentaron que la expectativa es lograr al menos las inscripci\u00f3n de\u00a0\u00a0130 empresas a trav\u00e9s de la plataforma:\u00a0<a href=\"http:\/\/www.emprendete.com.mx\/\">www.emprendete.com.mx<\/a>, durante la convocatoria que arranca el d\u00eda de hoy (6 de agosto) y cierra el pr\u00f3ximo 15 de septiembre de 2019.<\/p>\n<p>Para la semifinal ser\u00e1n elegidas 20 empresas, la selecci\u00f3n se realizar\u00e1 con respecto a\u00a0la veracidad y an\u00e1lisis de la informaci\u00f3n en su registro; as\u00ed como el cumplimiento de las\u00a0reglas, informaci\u00f3n completa, a\u00f1os de operaci\u00f3n del negocio y problem\u00e1tica a la que se enfrenta el empresario.<\/p>\n<p><a href=\"http:\/\/gdlfashion.com\/wp-content\/uploads\/2019\/08\/alma.jpg\"><img loading=\"lazy\" decoding=\"async\" class=\"size-medium wp-image-11119 alignleft\" alt=\"alma\" src=\"http:\/\/gdlfashion.com\/wp-content\/uploads\/2019\/08\/alma-157x300.jpg\" width=\"157\" height=\"300\" srcset=\"https:\/\/gdlfashion.com\/wp-content\/uploads\/2019\/08\/alma-157x300.jpg 157w, https:\/\/gdlfashion.com\/wp-content\/uploads\/2019\/08\/alma-537x1024.jpg 537w, https:\/\/gdlfashion.com\/wp-content\/uploads\/2019\/08\/alma-28x55.jpg 28w, https:\/\/gdlfashion.com\/wp-content\/uploads\/2019\/08\/alma-300x571.jpg 300w, https:\/\/gdlfashion.com\/wp-content\/uploads\/2019\/08\/alma.jpg 628w\" sizes=\"(max-width: 157px) 100vw, 157px\" \/><\/a>Los 20 empresarios semifinalistas tendr\u00e1n que hacer un \u2018<i>pitch\u2019<\/i>ante un grupo de jueces, quienes seleccionar\u00e1n solo a cinco l\u00edderes de negocio, que entrar\u00e1n al programa de mentor\u00edas.<\/p>\n<p>Los jueces revisar\u00e1n el potencial de crecimiento de la empresa, los retos a los que se enfrenta el empresario y su negocio, el impacto social, la innovaci\u00f3n y la capacidad para lograr sus objetivos, as\u00ed como la disponibilidad y compromiso para estar dentro del programa de aceleraci\u00f3n.<\/p>\n<p>\u201cDurante estos cuatro a\u00f1os pasados, Impulso Empr\u00e9ndete ha logrado la consolidaci\u00f3n de MiPymes en el Occidente de M\u00e9xico, el crecimiento y fortalecimiento de la empresa y de su l\u00edder, una mayor estructura y bases para la institucionalizaci\u00f3n de las empresas participantes\u201d, concluy\u00f3 P\u00e9rez.<\/p>\n<p>Impulso Empr\u00e9ndete tendr\u00e1 una duraci\u00f3n de 68 horas mentor\u00edas, 50 horas de implementaci\u00f3n en campo y 12 horas de trabajo con el Consejo Consultivo, integrado por reconocidos y expertos empresarios.<\/p>\n<p><a href=\"http:\/\/gdlfashion.com\/wp-content\/uploads\/2019\/08\/IMG_3177.jpg\"><img loading=\"lazy\" decoding=\"async\" class=\"size-medium wp-image-11121 alignright\" alt=\"IMG_3177\" src=\"http:\/\/gdlfashion.com\/wp-content\/uploads\/2019\/08\/IMG_3177-200x300.jpg\" width=\"200\" height=\"300\" srcset=\"https:\/\/gdlfashion.com\/wp-content\/uploads\/2019\/08\/IMG_3177-200x300.jpg 200w, https:\/\/gdlfashion.com\/wp-content\/uploads\/2019\/08\/IMG_3177-682x1024.jpg 682w, https:\/\/gdlfashion.com\/wp-content\/uploads\/2019\/08\/IMG_3177-36x55.jpg 36w, https:\/\/gdlfashion.com\/wp-content\/uploads\/2019\/08\/IMG_3177-300x450.jpg 300w\" sizes=\"(max-width: 200px) 100vw, 200px\" \/><\/a>Cabe se\u00f1alar que el primer a\u00f1o, la aceleradora Impulso Empr\u00e9ndete tuvo un registro de 150 empresas, el segundo a\u00f1o se registraron 173; para el tercer a\u00f1o fueron 141 y el a\u00f1o pasado se inscribieron 124 empresarios.<\/p>\n<p>En total se han acelerado a 16 empresas, logrando en promedio un incremento en sus\u00a0\u00a0ventas del 30 por ciento, asimismo como el desarrollo de nuevas l\u00edneas de negocio y producto dentro de sus negocios.<\/p>\n<p>Este a\u00f1o la cuota de inscripci\u00f3n es de 600 pesos y todos los empresarios inscritos recibir\u00e1n el acceso a un seminario de capacitaci\u00f3n, sean seleccionados o no en el programa de aceleraci\u00f3n.<\/p>\n<p>La difusi\u00f3n del reality se realizar\u00e1\u00a0a trav\u00e9s de las plataformas de redes sociales de \u201cEmpr\u00e9ndete con Alejandra P\u00e9rez\u201d en Facebook, Twitter, Instagram y Youtube.<\/p>\n","protected":false},"excerpt":{"rendered":"<p>5ta. GENERACI\u00d3N Impulso Empr\u00e9ndete es un reality empresarial que busca acelerar a las MiPymes mexicanas a trav\u00e9s de mentor\u00edas profesionales&hellip;<\/p>\n","protected":false},"author":2,"featured_media":11124,"comment_status":"closed","ping_status":"closed","sticky":false,"template":"","format":"standard","meta":{"footnotes":""},"categories":[9,3],"tags":[],"_links":{"self":[{"href":"https:\/\/gdlfashion.com\/index.php?rest_route=\/wp\/v2\/posts\/11114"}],"collection":[{"href":"https:\/\/gdlfashion.com\/index.php?rest_route=\/wp\/v2\/posts"}],"about":[{"href":"https:\/\/gdlfashion.com\/index.php?rest_route=\/wp\/v2\/types\/post"}],"author":[{"embeddable":true,"href":"https:\/\/gdlfashion.com\/index.php?rest_route=\/wp\/v2\/users\/2"}],"replies":[{"embeddable":true,"href":"https:\/\/gdlfashion.com\/index.php?rest_route=%2Fwp%2Fv2%2Fcomments&post=11114"}],"version-history":[{"count":3,"href":"https:\/\/gdlfashion.com\/index.php?rest_route=\/wp\/v2\/posts\/11114\/revisions"}],"predecessor-version":[{"id":11123,"href":"https:\/\/gdlfashion.com\/index.php?rest_route=\/wp\/v2\/posts\/11114\/revisions\/11123"}],"wp:featuredmedia":[{"embeddable":true,"href":"https:\/\/gdlfashion.com\/index.php?rest_route=\/wp\/v2\/media\/11124"}],"wp:attachment":[{"href":"https:\/\/gdlfashion.com\/index.php?rest_route=%2Fwp%2Fv2%2Fmedia&parent=11114"}],"wp:term":[{"taxonomy":"category","embeddable":true,"href":"https:\/\/gdlfashion.com\/index.php?rest_route=%2Fwp%2Fv2%2Fcategories&post=11114"},{"taxonomy":"post_tag","embeddable":true,"href":"https:\/\/gdlfashion.com\/index.php?rest_route=%2Fwp%2Fv2%2Ftags&post=11114"}],"curies":[{"name":"wp","href":"https:\/\/api.w.org\/{rel}","templated":true}]}}