{"id":10548,"date":"2019-06-07T17:14:13","date_gmt":"2019-06-07T17:14:13","guid":{"rendered":"http:\/\/gdlfashion.com\/?p=10548"},"modified":"2019-06-07T17:46:38","modified_gmt":"2019-06-07T17:46:38","slug":"con-ritmo-en-el-corazon","status":"publish","type":"post","link":"https:\/\/gdlfashion.com\/?p=10548","title":{"rendered":"\u201cCON RITMO EN EL CORAZ\u00d3N\u201d"},"content":{"rendered":"<h2><b>AYUDANCE para CRIT de Occidente<\/b><\/h2>\n<p><a href=\"http:\/\/gdlfashion.com\/wp-content\/uploads\/2019\/06\/IMG_7004.jpg\"><img loading=\"lazy\" decoding=\"async\" class=\"alignnone size-medium wp-image-10549\" alt=\"IMG_7004\" src=\"http:\/\/gdlfashion.com\/wp-content\/uploads\/2019\/06\/IMG_7004-300x200.jpg\" width=\"300\" height=\"200\" srcset=\"https:\/\/gdlfashion.com\/wp-content\/uploads\/2019\/06\/IMG_7004-300x200.jpg 300w, https:\/\/gdlfashion.com\/wp-content\/uploads\/2019\/06\/IMG_7004-1024x682.jpg 1024w, https:\/\/gdlfashion.com\/wp-content\/uploads\/2019\/06\/IMG_7004-82x55.jpg 82w\" sizes=\"(max-width: 300px) 100vw, 300px\" \/><\/a><\/p>\n<p><a href=\"http:\/\/gdlfashion.com\/wp-content\/uploads\/2019\/06\/Dance01.jpg\"><img loading=\"lazy\" decoding=\"async\" class=\"size-medium wp-image-10550 alignright\" alt=\"Dance01\" src=\"http:\/\/gdlfashion.com\/wp-content\/uploads\/2019\/06\/Dance01-300x242.jpg\" width=\"300\" height=\"242\" srcset=\"https:\/\/gdlfashion.com\/wp-content\/uploads\/2019\/06\/Dance01-300x242.jpg 300w, https:\/\/gdlfashion.com\/wp-content\/uploads\/2019\/06\/Dance01-68x55.jpg 68w, https:\/\/gdlfashion.com\/wp-content\/uploads\/2019\/06\/Dance01.jpg 650w\" sizes=\"(max-width: 300px) 100vw, 300px\" \/><\/a>Se llev\u00f3 acabo el d\u00eda de ayer la rueda de prensa para anunciar <strong>Ayudance \u00abCon Ritmo en el Coraz\u00f3n\u00bb<\/strong>\u00a0que se celebrar\u00e1 este 14 de junio en el Conjunto Santander de Artes Esc\u00e9nicas.<\/p>\n<p>En el Centro de Rehabilitaci\u00f3n e Inclusi\u00f3n Infantil Telet\u00f3n (CRIT) Occidente, trabajan todos los d\u00edas para ofrecer el amor y lo mejor de la ciencia a los ni\u00f1os y adolescentes con discapacidad Neuromusculoesquel\u00e9tica, actualmente\u00a0\u00a0en CRIT Occidente m\u00e1s de 1,800 ni\u00f1os,\u00a0\u00a0cuentan con una atenci\u00f3n integral, a\u00a0\u00a0cada\u00a0uno de ellos se le ofrece un plan personal en donde se establecen los objetivos para alcanzar\u00a0\u00a0su m\u00e1ximo desarrollo y as\u00ed lograr su inclusi\u00f3n a la sociedad.<\/p>\n<p>El modelo de Atenci\u00f3n del CRIT,\u00a0\u00a0se basa en una Atenci\u00f3n Integral, donde un M\u00e9dico Especialista en Rehabilitaci\u00f3n Pedi\u00e1trica coordina un grupo de profesionales en la salud como psic\u00f3logos, Integradoras Sociales, Terapeutas F\u00edsicos, de lenguaje y ocupacionales, apoyado de una tecnolog\u00eda de vanguardia y un grupo de m\u00e9dicos especialistas entre ellos: Medicina en Rehabilitaci\u00f3n, Paidopsiquiatr\u00eda, Ortopedia, Medicina de Rehabilitaci\u00f3n Pulmonar, Nutri\u00f3logo, Neurolog\u00eda, Pediatr\u00eda, Comunicaci\u00f3n Humana. As\u00ed se trabaja de forma conjunta para Diagnosticar y evaluar el plan de tratamiento y alcanzar los objetivos establecidos.<\/p>\n<p><a href=\"http:\/\/gdlfashion.com\/wp-content\/uploads\/2019\/06\/dance02.jpg\"><img loading=\"lazy\" decoding=\"async\" class=\"size-medium wp-image-10551 alignleft\" alt=\"dance02\" src=\"http:\/\/gdlfashion.com\/wp-content\/uploads\/2019\/06\/dance02-300x97.jpg\" width=\"300\" height=\"97\" srcset=\"https:\/\/gdlfashion.com\/wp-content\/uploads\/2019\/06\/dance02-300x97.jpg 300w, https:\/\/gdlfashion.com\/wp-content\/uploads\/2019\/06\/dance02-168x55.jpg 168w, https:\/\/gdlfashion.com\/wp-content\/uploads\/2019\/06\/dance02.jpg 650w\" sizes=\"(max-width: 300px) 100vw, 300px\" \/><\/a> Es por eso que con el apoyo de instituciones de alto nivel comprometidas con el desarrollo social y fomento de valores convoca a toda la sociedad a unirse en el primer evento de competencia de baile:<\/p>\n<p>&nbsp;<\/p>\n<p><b><a href=\"http:\/\/gdlfashion.com\/wp-content\/uploads\/2019\/06\/dance03.jpg\"><img loading=\"lazy\" decoding=\"async\" class=\"size-medium wp-image-10552 alignright\" alt=\"dance03\" src=\"http:\/\/gdlfashion.com\/wp-content\/uploads\/2019\/06\/dance03-300x203.jpg\" width=\"300\" height=\"203\" srcset=\"https:\/\/gdlfashion.com\/wp-content\/uploads\/2019\/06\/dance03-300x203.jpg 300w, https:\/\/gdlfashion.com\/wp-content\/uploads\/2019\/06\/dance03-81x55.jpg 81w, https:\/\/gdlfashion.com\/wp-content\/uploads\/2019\/06\/dance03.jpg 650w\" sizes=\"(max-width: 300px) 100vw, 300px\" \/><\/a>AYUDANCE\u00a0\u00a0\u201cCON RITMO EN EL CORAZ\u00d3N\u201d se llevara a cabo\u00a0\u00a0este pr\u00f3ximo\u00a0Viernes 14 de JUNIO 2019 a las\u00a0\u00a04:00 pm en el\u00a0\u00a0Conjunto Santander de Artes Esc\u00e9nicas Sala Placido Domingo.<\/b><\/p>\n<p>Donde se espera la participaci\u00f3n de m\u00e1s de 200 bailarines juveniles que vienen de grupos escolares y diferentes academias de baile con deseos de mostrar su talento y su apoyo a la inclusi\u00f3n, con el \u00fanico objetivo de recaudar fondos para los ni\u00f1os que se atienden en CRIT Occidente.<\/p>\n<p><a href=\"http:\/\/gdlfashion.com\/wp-content\/uploads\/2019\/06\/IMG_6967a.jpg\"><img loading=\"lazy\" decoding=\"async\" class=\"size-medium wp-image-10558 alignleft\" alt=\"IMG_6967a\" src=\"http:\/\/gdlfashion.com\/wp-content\/uploads\/2019\/06\/IMG_6967a-223x300.jpg\" width=\"223\" height=\"300\" srcset=\"https:\/\/gdlfashion.com\/wp-content\/uploads\/2019\/06\/IMG_6967a-223x300.jpg 223w, https:\/\/gdlfashion.com\/wp-content\/uploads\/2019\/06\/IMG_6967a-761x1024.jpg 761w, https:\/\/gdlfashion.com\/wp-content\/uploads\/2019\/06\/IMG_6967a-40x55.jpg 40w, https:\/\/gdlfashion.com\/wp-content\/uploads\/2019\/06\/IMG_6967a-300x403.jpg 300w, https:\/\/gdlfashion.com\/wp-content\/uploads\/2019\/06\/IMG_6967a.jpg 1648w\" sizes=\"(max-width: 223px) 100vw, 223px\" \/><\/a>La empresas que se suman en el apoyo que otorgan comprometidas con la causa mediante su participaci\u00f3n como patrocinadores en este evento.<\/p>\n<div align=\"center\">\n<table border=\"1\" cellspacing=\"0\" cellpadding=\"0\">\n<tbody>\n<tr>\n<td valign=\"top\" width=\"221\">Conjunto Santander de Artes Esc\u00e9nicas<\/td>\n<td valign=\"top\" width=\"221\">Santo Coyote<\/td>\n<\/tr>\n<tr>\n<td valign=\"top\" width=\"221\">Dance Factory<\/td>\n<td valign=\"top\" width=\"221\">Mocko City<\/td>\n<\/tr>\n<tr>\n<td valign=\"top\" width=\"221\">Westmedia<\/td>\n<td valign=\"top\" width=\"221\">Trompo M\u00e1gico<\/td>\n<\/tr>\n<tr>\n<td valign=\"top\" width=\"221\">Space Land<\/td>\n<td valign=\"top\" width=\"221\">Pasteler\u00edas Mariza<\/td>\n<\/tr>\n<tr>\n<td valign=\"top\" width=\"221\">Irma de Z\u00fa\u00f1iga<\/td>\n<td valign=\"top\" width=\"221\">Nidia Empanaditas<\/td>\n<\/tr>\n<tr>\n<td valign=\"top\" width=\"221\">Electrolit<\/td>\n<td valign=\"top\" width=\"221\">Coca &#8211; Cola<\/td>\n<\/tr>\n<tr>\n<td valign=\"top\" width=\"221\">Acuario Michin<\/td>\n<td valign=\"top\" width=\"221\">Noira Alvares, Florer\u00edas Lavanda<\/td>\n<\/tr>\n<tr>\n<td valign=\"top\" width=\"221\">Wichi Farms berries<\/td>\n<td valign=\"top\" width=\"221\">Puritronic<\/td>\n<\/tr>\n<\/tbody>\n<\/table>\n<\/div>\n<p>&nbsp;<\/p>\n<p><a href=\"http:\/\/gdlfashion.com\/wp-content\/uploads\/2019\/06\/FILE_5ca78d9c2302c_descevent_CT-Ayudance.jpg.gif\"><img loading=\"lazy\" decoding=\"async\" class=\"size-full wp-image-10562 alignright\" alt=\"FILE_5ca78d9c2302c_descevent_CT Ayudance.jpg\" src=\"http:\/\/gdlfashion.com\/wp-content\/uploads\/2019\/06\/FILE_5ca78d9c2302c_descevent_CT-Ayudance.jpg.gif\" width=\"300\" height=\"200\" \/><\/a>Con este proyecto <strong>AyuDance\u00a0\u00a0\u201cCon ritmo en el coraz\u00f3n\u201d\u00a0<\/strong>\u00a0se espera la recaudaci\u00f3n de una suma aproximada de $200,000.00 dicha cantidad lograra cubrir un porcentaje del tratamiento que se\u00a0\u00a0otorga en el Centro de Rehabilitaci\u00f3n e inclusi\u00f3n Infantil Telet\u00f3n de Occidente. #Ayudance #ConRitmoEnElCoraz\u00f3n<\/p>\n<p>Adquiere tus boletos en este link&#8230;<\/p>\n<p><a href=\"https:\/\/conjuntosantander.com\/boletos\/352\/AYUDANCE-06-2019\">AYUDANCE<\/a><\/p>\n<p>&nbsp;<\/p>\n","protected":false},"excerpt":{"rendered":"<p>AYUDANCE para CRIT de Occidente Se llev\u00f3 acabo el d\u00eda de ayer la rueda de prensa para anunciar Ayudance \u00abCon&hellip;<\/p>\n","protected":false},"author":2,"featured_media":10553,"comment_status":"closed","ping_status":"closed","sticky":false,"template":"","format":"standard","meta":{"footnotes":""},"categories":[3],"tags":[],"_links":{"self":[{"href":"https:\/\/gdlfashion.com\/index.php?rest_route=\/wp\/v2\/posts\/10548"}],"collection":[{"href":"https:\/\/gdlfashion.com\/index.php?rest_route=\/wp\/v2\/posts"}],"about":[{"href":"https:\/\/gdlfashion.com\/index.php?rest_route=\/wp\/v2\/types\/post"}],"author":[{"embeddable":true,"href":"https:\/\/gdlfashion.com\/index.php?rest_route=\/wp\/v2\/users\/2"}],"replies":[{"embeddable":true,"href":"https:\/\/gdlfashion.com\/index.php?rest_route=%2Fwp%2Fv2%2Fcomments&post=10548"}],"version-history":[{"count":8,"href":"https:\/\/gdlfashion.com\/index.php?rest_route=\/wp\/v2\/posts\/10548\/revisions"}],"predecessor-version":[{"id":10563,"href":"https:\/\/gdlfashion.com\/index.php?rest_route=\/wp\/v2\/posts\/10548\/revisions\/10563"}],"wp:featuredmedia":[{"embeddable":true,"href":"https:\/\/gdlfashion.com\/index.php?rest_route=\/wp\/v2\/media\/10553"}],"wp:attachment":[{"href":"https:\/\/gdlfashion.com\/index.php?rest_route=%2Fwp%2Fv2%2Fmedia&parent=10548"}],"wp:term":[{"taxonomy":"category","embeddable":true,"href":"https:\/\/gdlfashion.com\/index.php?rest_route=%2Fwp%2Fv2%2Fcategories&post=10548"},{"taxonomy":"post_tag","embeddable":true,"href":"https:\/\/gdlfashion.com\/index.php?rest_route=%2Fwp%2Fv2%2Ftags&post=10548"}],"curies":[{"name":"wp","href":"https:\/\/api.w.org\/{rel}","templated":true}]}}