{"id":10533,"date":"2019-06-05T12:38:58","date_gmt":"2019-06-05T12:38:58","guid":{"rendered":"http:\/\/gdlfashion.com\/?p=10533"},"modified":"2019-06-05T12:38:58","modified_gmt":"2019-06-05T12:38:58","slug":"cesar-d-la-torre","status":"publish","type":"post","link":"https:\/\/gdlfashion.com\/?p=10533","title":{"rendered":"C\u00e9sar D&#8217; la Torre"},"content":{"rendered":"<h2>Disfruta de su Presente<\/h2>\n<p><a href=\"http:\/\/gdlfashion.com\/wp-content\/uploads\/2019\/06\/2019Mayo26.jpg\"><img loading=\"lazy\" decoding=\"async\" class=\"alignnone size-medium wp-image-10534\" alt=\"2019Mayo26\" src=\"http:\/\/gdlfashion.com\/wp-content\/uploads\/2019\/06\/2019Mayo26-300x187.jpg\" width=\"300\" height=\"187\" srcset=\"https:\/\/gdlfashion.com\/wp-content\/uploads\/2019\/06\/2019Mayo26-300x187.jpg 300w, https:\/\/gdlfashion.com\/wp-content\/uploads\/2019\/06\/2019Mayo26-1024x639.jpg 1024w, https:\/\/gdlfashion.com\/wp-content\/uploads\/2019\/06\/2019Mayo26-88x55.jpg 88w\" sizes=\"(max-width: 300px) 100vw, 300px\" \/><\/a><\/p>\n<p><a href=\"http:\/\/gdlfashion.com\/wp-content\/uploads\/2019\/06\/2019Mayo27.jpg\"><img loading=\"lazy\" decoding=\"async\" class=\"size-medium wp-image-10535 alignright\" alt=\"2019Mayo27\" src=\"http:\/\/gdlfashion.com\/wp-content\/uploads\/2019\/06\/2019Mayo27-300x187.jpg\" width=\"300\" height=\"187\" srcset=\"https:\/\/gdlfashion.com\/wp-content\/uploads\/2019\/06\/2019Mayo27-300x187.jpg 300w, https:\/\/gdlfashion.com\/wp-content\/uploads\/2019\/06\/2019Mayo27-1024x639.jpg 1024w, https:\/\/gdlfashion.com\/wp-content\/uploads\/2019\/06\/2019Mayo27-88x55.jpg 88w\" sizes=\"(max-width: 300px) 100vw, 300px\" \/><\/a>C\u00e9sar D La Torre es un actor latino-europeo cuya carrera abarca tanto el mercado anglosaj\u00f3n, como el hispano. Actualmente protagoniza la pel\u00edcula de ciencia ficci\u00f3n Assassin 33 A.D., que est\u00e1 programada para su estreno este pr\u00f3ximo verano, su personaje es un cient\u00edfico llamado &#8216;F\u00e9lix&#8217;, a quien interpreta al lado de sus compa\u00f1eros reparto: Danny Boaz y Susan Gallagher. Tambi\u00e9n podremos verlo pr\u00f3ximamente en la pel\u00edcula de acci\u00f3n\u00a0<i>Muna<\/i>, centrada en una confrontaci\u00f3n entre pandillas de la mafia italiana y nigeriana; en el largometraje\u00a0<i>Heavy Duty Lovers (Amores de Peso)<\/i>, una comedia rom\u00e1ntica protagonizada por Eric Roberts; y por si fuera poco en\u00a0<i>Misfits<\/i>(actuando junto a Krista Allen, Leigh-Allyn Baker), que trata de cuatro frikis solteros que contratan a un life coach para ayudar a cambiar sus vidas.<\/p>\n<p><a href=\"http:\/\/gdlfashion.com\/wp-content\/uploads\/2019\/06\/I0A5870.jpg\"><img loading=\"lazy\" decoding=\"async\" class=\"size-medium wp-image-10536 alignleft\" alt=\"_I0A5870\" src=\"http:\/\/gdlfashion.com\/wp-content\/uploads\/2019\/06\/I0A5870-200x300.jpg\" width=\"200\" height=\"300\" srcset=\"https:\/\/gdlfashion.com\/wp-content\/uploads\/2019\/06\/I0A5870-200x300.jpg 200w, https:\/\/gdlfashion.com\/wp-content\/uploads\/2019\/06\/I0A5870-682x1024.jpg 682w, https:\/\/gdlfashion.com\/wp-content\/uploads\/2019\/06\/I0A5870-36x55.jpg 36w, https:\/\/gdlfashion.com\/wp-content\/uploads\/2019\/06\/I0A5870-300x450.jpg 300w\" sizes=\"(max-width: 200px) 100vw, 200px\" \/><\/a>A medida que se adentraba en el mercado estadounidense de cine y televisi\u00f3n, C\u00e9sar ha sido parte de algunos proyectos notables. Por ejemplo, ha tenido apariciones como invitado especial en la comedia de TBS\u00a0<i>Ground Floor<\/i>(con Skylar Astin, Briga Heelan, John C McGinley), en la serie de TVLand\u2019s\u00a0<i>Throwing Shade<\/i>(con Will Ferrell) y en Logo TV&#8217;s en la serie\u00a0<i>DTLA<\/i>(junto a Melanie Griffith, Sandra Bernhard, Jeremy Jackson). Tambi\u00e9n fue co-director, escritor y actor, en el cortometraje\u00a0<i>The Florist<\/i>, nominado a \u00abMejor cortometraje dram\u00e1tico\u00bb y \u00abMejor cortometraje\u00bb en el Festival Internacional de Cine de Burbank.<\/p>\n<p><a href=\"http:\/\/gdlfashion.com\/wp-content\/uploads\/2019\/06\/DSC_0057.jpg\"><img loading=\"lazy\" decoding=\"async\" class=\"size-medium wp-image-10539 alignright\" alt=\"DSC_0057\" src=\"http:\/\/gdlfashion.com\/wp-content\/uploads\/2019\/06\/DSC_0057-229x300.jpg\" width=\"229\" height=\"300\" srcset=\"https:\/\/gdlfashion.com\/wp-content\/uploads\/2019\/06\/DSC_0057-229x300.jpg 229w, https:\/\/gdlfashion.com\/wp-content\/uploads\/2019\/06\/DSC_0057-782x1024.jpg 782w, https:\/\/gdlfashion.com\/wp-content\/uploads\/2019\/06\/DSC_0057-42x55.jpg 42w, https:\/\/gdlfashion.com\/wp-content\/uploads\/2019\/06\/DSC_0057-300x392.jpg 300w\" sizes=\"(max-width: 229px) 100vw, 229px\" \/><\/a>C\u00e9sar comenz\u00f3 su carrera como actor a temprana edad trabajando en comerciales, programas de televisi\u00f3n y teatros en su pa\u00eds natal. Su gran oportunidad surgi\u00f3 en los canales RCTV International y Venevisi\u00f3n, participando como figurante en las telenovelas m\u00e1s populares de Venezuela, como\u00a0<i>La Vida Entera<\/i>y\u00a0<i>Estramb\u00f3tica Anastasia<\/i>. M\u00e1s tarde, C\u00e9sar continuar\u00eda trabajando en\u00a0<i>Qu\u00e9 Clase de Amor<\/i>, que se convirti\u00f3 en un \u00e9xito sindicado en Am\u00e9rica Latina. Tambi\u00e9n particip\u00f3 en\u00a0<i>Ser Bonita no Basta<\/i>, junto al actor Edgar Ram\u00edrez.<\/p>\n<p>Nacido en Maracaibo, Venezuela, C\u00e9sar vive actualmente en Los \u00c1ngeles. Es un \u00e1vido experto en artes marciales con un cintur\u00f3n negro en karate, habiendo ganado campeonatos nacionales en su tierra natal.<\/p>\n<p>Para m\u00e1s estar m\u00e1s actualizados en cuando a sus actividades en el mundo del espect\u00e1culo, puedon seguirlo a trav\u00e9s de\u00a0<a href=\"https:\/\/twitter.com\/cesardlatorre\">Twitter<\/a>(cesardlatorre),\u00a0<a href=\"https:\/\/www.instagram.com\/cesardlatorre85\/\">Instagram<\/a>(cesardlatorre85) y\u00a0<a href=\"https:\/\/www.facebook.com\/cesardlatorreofficial\/\">Facebook<\/a>(cesardlatorreofficial).<\/p>\n","protected":false},"excerpt":{"rendered":"<p>Disfruta de su Presente C\u00e9sar D La Torre es un actor latino-europeo cuya carrera abarca tanto el mercado anglosaj\u00f3n, como&hellip;<\/p>\n","protected":false},"author":2,"featured_media":10543,"comment_status":"closed","ping_status":"closed","sticky":false,"template":"","format":"standard","meta":{"footnotes":""},"categories":[3],"tags":[],"_links":{"self":[{"href":"https:\/\/gdlfashion.com\/index.php?rest_route=\/wp\/v2\/posts\/10533"}],"collection":[{"href":"https:\/\/gdlfashion.com\/index.php?rest_route=\/wp\/v2\/posts"}],"about":[{"href":"https:\/\/gdlfashion.com\/index.php?rest_route=\/wp\/v2\/types\/post"}],"author":[{"embeddable":true,"href":"https:\/\/gdlfashion.com\/index.php?rest_route=\/wp\/v2\/users\/2"}],"replies":[{"embeddable":true,"href":"https:\/\/gdlfashion.com\/index.php?rest_route=%2Fwp%2Fv2%2Fcomments&post=10533"}],"version-history":[{"count":1,"href":"https:\/\/gdlfashion.com\/index.php?rest_route=\/wp\/v2\/posts\/10533\/revisions"}],"predecessor-version":[{"id":10547,"href":"https:\/\/gdlfashion.com\/index.php?rest_route=\/wp\/v2\/posts\/10533\/revisions\/10547"}],"wp:featuredmedia":[{"embeddable":true,"href":"https:\/\/gdlfashion.com\/index.php?rest_route=\/wp\/v2\/media\/10543"}],"wp:attachment":[{"href":"https:\/\/gdlfashion.com\/index.php?rest_route=%2Fwp%2Fv2%2Fmedia&parent=10533"}],"wp:term":[{"taxonomy":"category","embeddable":true,"href":"https:\/\/gdlfashion.com\/index.php?rest_route=%2Fwp%2Fv2%2Fcategories&post=10533"},{"taxonomy":"post_tag","embeddable":true,"href":"https:\/\/gdlfashion.com\/index.php?rest_route=%2Fwp%2Fv2%2Ftags&post=10533"}],"curies":[{"name":"wp","href":"https:\/\/api.w.org\/{rel}","templated":true}]}}