{"id":5306,"date":"2014-06-05T18:30:53","date_gmt":"2014-06-05T18:30:53","guid":{"rendered":"http:\/\/gdlfashion.com\/?p=5306"},"modified":"2014-06-05T18:30:53","modified_gmt":"2014-06-05T18:30:53","slug":"lorena-villalon-shores","status":"publish","type":"post","link":"http:\/\/gdlfashion.com\/?p=5306","title":{"rendered":"Lorena Villal\u00f3n Shores"},"content":{"rendered":"<h3>Encantada de compartir de mi vida<\/h3>\n<p><a href=\"http:\/\/gdlfashion.com\/wp-content\/uploads\/2014\/06\/GdlFashionJun0028.jpg\"><img loading=\"lazy\" decoding=\"async\" class=\"alignnone size-medium wp-image-5307\" alt=\"GdlFashionJun0028\" src=\"http:\/\/gdlfashion.com\/wp-content\/uploads\/2014\/06\/GdlFashionJun0028-300x200.jpg\" width=\"300\" height=\"200\" srcset=\"http:\/\/gdlfashion.com\/wp-content\/uploads\/2014\/06\/GdlFashionJun0028-300x200.jpg 300w, http:\/\/gdlfashion.com\/wp-content\/uploads\/2014\/06\/GdlFashionJun0028-1024x682.jpg 1024w, http:\/\/gdlfashion.com\/wp-content\/uploads\/2014\/06\/GdlFashionJun0028-82x55.jpg 82w\" sizes=\"(max-width: 300px) 100vw, 300px\" \/><\/a><\/p>\n<p>Muchas Gracias a Gdl Fashion por esta entrevista!<\/p>\n<p>&nbsp;<\/p>\n<p>Desde ni\u00f1a tuve la fortuna de valorar la vida y de ser agradecida por todo lo que nos regala d\u00eda con d\u00eda, tengo recuerdos desde la infancia que siempre que amanec\u00eda al despertar ve\u00eda la copa de los \u00e1rboles y el cielo azul llen\u00e1ndome de alegr\u00eda, motiv\u00e1ndome a empezar mi d\u00eda agradeciendo a Dios por la oportunidad de existir.<\/p>\n<p><a href=\"http:\/\/gdlfashion.com\/wp-content\/uploads\/2014\/06\/GdlFashionJun0029.jpg\"><img loading=\"lazy\" decoding=\"async\" class=\"size-medium wp-image-5308 alignright\" alt=\"GdlFashionJun0029\" src=\"http:\/\/gdlfashion.com\/wp-content\/uploads\/2014\/06\/GdlFashionJun0029-300x200.jpg\" width=\"300\" height=\"200\" srcset=\"http:\/\/gdlfashion.com\/wp-content\/uploads\/2014\/06\/GdlFashionJun0029-300x200.jpg 300w, http:\/\/gdlfashion.com\/wp-content\/uploads\/2014\/06\/GdlFashionJun0029-1024x682.jpg 1024w, http:\/\/gdlfashion.com\/wp-content\/uploads\/2014\/06\/GdlFashionJun0029-82x55.jpg 82w\" sizes=\"(max-width: 300px) 100vw, 300px\" \/><\/a>\u00a0Me gusta vivir y saber vivir bien, soy tan consciente de que la vida tan solo es un suspiro que jam\u00e1s dejo de pasar una oportunidad para ser feliz. Soy un poco intensa y muy apasionada con lo que me hace sentir, me haga vibrar y me mueva fibra. Amo amar, compartir y poder expresar con libertad mis emociones, sin miedo a la cr\u00edtica o a ser juzgada, soy muy sensible \u00a0y me encanta tratar temas profundos como los espirituales.<\/p>\n<p>Tambi\u00e9n me gusta conocer diferentes formas de pensar, diferentes puntos de vista, culturas y razas. Me fascina viajar, comer rico y saber beber buen vino, disfruto mucho de mis amigos, de hecho son una parte muy importante de mi vida, mi familia es lo m\u00e1s importante, es mi gran tesoro es quien me motiva, me apoya y me da todas las fuerzas para seguir adelante.<\/p>\n<p>Mi terapia es mi ejercicio el cual me ayuda todos los d\u00edas a sentirme bien, mantenerme en forma, me gusta comer sano, trato de evitar comidas fritas saturadas en grasa o conservadores, no tomo refresco y evito la carne roja, mi dieta es a base de pescados como el salm\u00f3n y el at\u00fan altos en omega 3 y pescados blancos de aguas dulces, jam\u00e1s faltan las frutas, ensaladas y verduras en casa, mi bebida favorita es el agua natural sin gas. Me encanta cocinar de hecho lo hago todo los d\u00edas.<\/p>\n<p>Me gusta rodearme de gente positiva y que logre aporta algo a mi vida, porque s\u00e9 que yo logro aportar de la misma manera cosas buenas a sus vidas tambi\u00e9n.<\/p>\n<p>La gente negativa o toxica, como les llamo yo, \u00a0trato de evadirla y evitarla a toda costa.<\/p>\n<p>Creo que con los a\u00f1os me he vuelto m\u00e1s selectiva de con quien quiero compartir una mesa o un dialogo o simplemente de ser mi compa\u00f1\u00eda.<\/p>\n<p style=\"text-align: right;\"><a href=\"http:\/\/gdlfashion.com\/wp-content\/uploads\/2014\/06\/IMG_5279.jpg\"><img loading=\"lazy\" decoding=\"async\" class=\"alignleft\" alt=\"IMG_5279\" src=\"http:\/\/gdlfashion.com\/wp-content\/uploads\/2014\/06\/IMG_5279-300x200.jpg\" width=\"300\" height=\"200\" \/><\/a>\u00a0Yo creo mucho en que somos energ\u00eda y del poder que tienen nuestros pensamientos en nosotros, tengo mucho defectos como ser humano que soy, pero creo que he trabajado mucho en mejorar y enmendar mis errores a trav\u00e9s de experiencias.<\/p>\n<p style=\"text-align: left;\">\u00a0Me encanta bailar, escuchar m\u00fasica, leer, escribir, ver una buena pel\u00edcula y dormir.<\/p>\n<p>Podr\u00eda escribir un libro de mi vida, de mis an\u00e9cdotas, experiencias, etapas, facetas, amores, desamores, desaf\u00edos, alegr\u00edas, decepciones, aventuras etc.<\/p>\n<p>Creo que a mi edad he vivido un mundo de cosas y he experimentado otras tantas m\u00e1s, hoy por hoy, s\u00e9 que estoy en el mejor momento de mi vida por saber que es lo que quiero y que no.<\/p>\n<p>Tengo la bendici\u00f3n de ser una madre realizada, mam\u00e1 de dos hermosos hijos, que me han dado y me siguen dando tantas alegr\u00edas y satisfacciones cada d\u00eda, tengo a Sergio de 15 a\u00f1os y a Montserra 13 a\u00f1os, \u00a0son ellos mi motor m\u00e1s grande, con ellos he aprendido lo que es el verdadero amor y la entrega absoluta e incondicional, han sido y siguen siendo mi maestros en varias ocasiones, siempre he dicho que los adultos a veces aprendemos m\u00e1s de los ni\u00f1os, que ellos de nosotros.<\/p>\n<p>Tengo una magn\u00edfica relaci\u00f3n con ambos, aunque no deja de ser dif\u00edcil como toda relaci\u00f3n humana, pero lo importante es que existe una gran comunicaci\u00f3n, confianza, respeto y escucho siempre su opini\u00f3n, referentes a cada situaci\u00f3n. Trato de ayudarlos y guiarlos, \u00a0anteponiendo siempre valores como son el amor, gratitud, el respeto y humildad.<\/p>\n<p><a href=\"http:\/\/gdlfashion.com\/wp-content\/uploads\/2014\/06\/IMG_5275.jpg\"><img loading=\"lazy\" decoding=\"async\" class=\"size-medium wp-image-5310 alignright\" alt=\"IMG_5275\" src=\"http:\/\/gdlfashion.com\/wp-content\/uploads\/2014\/06\/IMG_5275-300x200.jpg\" width=\"300\" height=\"200\" srcset=\"http:\/\/gdlfashion.com\/wp-content\/uploads\/2014\/06\/IMG_5275-300x200.jpg 300w, http:\/\/gdlfashion.com\/wp-content\/uploads\/2014\/06\/IMG_5275-1024x682.jpg 1024w, http:\/\/gdlfashion.com\/wp-content\/uploads\/2014\/06\/IMG_5275-82x55.jpg 82w\" sizes=\"(max-width: 300px) 100vw, 300px\" \/><\/a>\u00a0He trabajado desde muy chica,\u00a0 a los 16 a\u00f1os inici\u00e9 como modelo haciendo fotograf\u00eda y pasarela para diferentes marcas de ropa, accesorios, productos de belleza etc\u00e9tera.<\/p>\n<p>Hice algunos comerciales y publicidad destacada como lo es L`oreal Par\u00eds, en ese tiempo estudiaba la preparatoria y mi tiempo libre era para acudir a castings o bien acudir a llamados para cumplir como modelo profesional, particip\u00e9 en un concurso de belleza a los 18 a\u00f1os,\u00a0 fue el primer nuestra Belleza M\u00e9xico, pero en aquel entonces conocido como \u201cChica TV\u201d obteniendo el segundo lugar, \u00a0ya que Galilea Montijo, quien es una reconocida actriz y conductora,\u00a0 gan\u00f3 el primer lugar para acudir a Miss Universo.<\/p>\n<p>Fue un gran reto para m\u00ed, ya que no me import\u00f3 el qu\u00e9 dir\u00e1n de la sociedad y entre algunas amistades, ya que el incursionar en ambientes como esos en aqu\u00e9lla \u00e9poca eran mal visto.<\/p>\n<p>De ah\u00ed me vino la oportunidad de trabajar en Televisa Guadalajara, siendo conductora de un programa de entretenimiento para j\u00f3venes, como yo llamado. \u201cGeneraci\u00f3n X , generaci\u00f3n a la que pertenec\u00edamos en aquel tiempo,\u00a0 un programa donde mostr\u00e1bamos al p\u00fablico los \u00faltimos videos y hits musicales, entrevistas con artistas, conciertos, un poco de arte y cultura y la secci\u00f3n de deportes de alto riesgo o extremos, donde yo era la conductora principal.<\/p>\n<p>Ese fue mi primer trabajo con sueldo fijo y horario establecido, fueron casi tres a\u00f1os de colaborar en el medio, donde conoc\u00ed diferentes partes de la Republica, sobre todo playas mostrando las riquezas de cada lugar, como las cualidades de cada lugar para realizar deportes, como lo fueron Scuba Diver, Rafting, alpinismo, ultralinghts, bungee jump, esqu\u00ed acu\u00e1tico entre otros.<\/p>\n<p><a href=\"http:\/\/gdlfashion.com\/wp-content\/uploads\/2014\/06\/GdlFashionJun0030.jpg\"><img loading=\"lazy\" decoding=\"async\" class=\"size-medium wp-image-5311 alignleft\" alt=\"GdlFashionJun0030\" src=\"http:\/\/gdlfashion.com\/wp-content\/uploads\/2014\/06\/GdlFashionJun0030-300x200.jpg\" width=\"300\" height=\"200\" srcset=\"http:\/\/gdlfashion.com\/wp-content\/uploads\/2014\/06\/GdlFashionJun0030-300x200.jpg 300w, http:\/\/gdlfashion.com\/wp-content\/uploads\/2014\/06\/GdlFashionJun0030-1024x682.jpg 1024w, http:\/\/gdlfashion.com\/wp-content\/uploads\/2014\/06\/GdlFashionJun0030-82x55.jpg 82w\" sizes=\"(max-width: 300px) 100vw, 300px\" \/><\/a>Mi papel era entrevistar a los profesionales en sus diciplinas o deportes adem\u00e1s de tomar clases con ellos para grabar el programa donde demostraba que con constancia y actitud cualquier persona pod\u00eda lograr experimentar alg\u00fan deporte de esos, el programa fue todo un \u00e9xito ya que de empezar a nivel local al poco tiempo fue un programa de los preferidos a nivel nacional.<\/p>\n<p>Fue muy divertido y a la vez me ayudaron mucho esos a\u00f1os para mi formaci\u00f3n, responsabilidad y madurez, al ser yo una adolecente de 18 a\u00f1os que viaja con toda la libertad y comodidades, adem\u00e1s de gozar ya con cierta fama en los medios, fue una distracci\u00f3n muy grande para terminar mi carrera como dise\u00f1adora, ya que la abandone para seguir mi carrera con proyecci\u00f3n a tener un programa propio ya en la ciudad de M\u00e9xico, el cual me hab\u00edan ofrecido en ese entonces, cabe mencionar y reconocer la labor, visi\u00f3n y \u00e9xito del productor Fernando Lebrija, quien fue nuestro director en aquel entonces, siendo al d\u00eda de hoy un gran productor y director de cine mexicano, pues apunta a ser uno de los grande.<\/p>\n<p>Cuando estaba yo con la duda de irme al Distrito Federal y aprovechar la oportunidad que el se\u00f1or Azc\u00e1rraga me ofreci\u00f3, para probarme fuera de Guadalajara y \u00a0con un futuro mejor,\u00a0 me lleg\u00f3 la nostalgia y el vac\u00edo de estar en un medio tan superficial y lleno de amistades ef\u00edmeras o falsas que comenc\u00e9 a pensar en retirarme para darle comienzo a la carrera de comunicaciones, pero en el inter se apareci\u00f3 en mi vida el hombre que me ayudar\u00eda a tomar la mejor decisi\u00f3n o bien quien me empujo a salirme de lleno del mundo de la televisi\u00f3n, el pap\u00e1 de mis hijos, nos conocimos yo de 20 y el de 29 decidimos casarnos al poco tiempo de comenzar una relaci\u00f3n.<\/p>\n<p>Me dedique los primeros a\u00f1os a \u00e9l, a mi hijos, y a mi casa, que en aquel entonces era de corredora tenista y a la vez bailarina de flamenco, fueron cuatro o cinco a\u00f1os que me dedique de completo al hogar, desafortunadamente la relaci\u00f3n no funcion\u00f3 por diferentes motivos, creo que ni nos dimos el tiempo de conocer lo suficiente, ni de convivir para poder tomar una desici\u00f3n tan importante en nuestras vidas.<\/p>\n<p>Despu\u00e9s de 14 a\u00f1os y dos hijos nos separamos, fueron momentos muy dif\u00edciles para todos, creo que hay personas que aunque son buenas y se quieran no pueden estar juntas por el abismo tan grande de diferentes formas de pensar y de llevar a cabo una relaci\u00f3n, ten\u00edamos proyectos de vida, sue\u00f1os y metas muy diferentes, adem\u00e1s de formas opuestas de expresar y dar una relaci\u00f3n.<\/p>\n<p><a href=\"http:\/\/gdlfashion.com\/wp-content\/uploads\/2014\/06\/GdlFashionJun0031.jpg\"><img loading=\"lazy\" decoding=\"async\" class=\"size-medium wp-image-5312 alignright\" alt=\"GdlFashionJun0031\" src=\"http:\/\/gdlfashion.com\/wp-content\/uploads\/2014\/06\/GdlFashionJun0031-300x200.jpg\" width=\"300\" height=\"200\" srcset=\"http:\/\/gdlfashion.com\/wp-content\/uploads\/2014\/06\/GdlFashionJun0031-300x200.jpg 300w, http:\/\/gdlfashion.com\/wp-content\/uploads\/2014\/06\/GdlFashionJun0031-1024x682.jpg 1024w, http:\/\/gdlfashion.com\/wp-content\/uploads\/2014\/06\/GdlFashionJun0031-82x55.jpg 82w\" sizes=\"(max-width: 300px) 100vw, 300px\" \/><\/a>Siempre he dicho que las diferencias te complementan y enriquecen pero no siempre es as\u00ed, yo lo viv\u00ed y cre\u00e1me que a los dos nos hubiera encantado que funcionara nuestro matrimonio, son pruebas duras, golpes de la vida que dejan una lecci\u00f3n y aprendizaje muy grande, ya que ayudan a la reflexi\u00f3n y a la autoexploraci\u00f3n interna de uno mismo para saber y ver de qu\u00e9 forma puede ser uno mejor.<\/p>\n<p>Otro etapa de mi vida dif\u00edcil, fue cuando se enferm\u00f3 mi hija Montserra a los dos a\u00f1os cinco meses donde\u00a0 adquiri\u00f3 una enfermedad causada por una bacteria llamada \u201cEstafilococo dorado\u201d en los pulmones, hizo tantos estragos en pocas horas que acabamos un mes en el hospital en terapia intermedia, ochos doctores la trataron hasta dar finalmente con el antibi\u00f3tico adecuado para eliminar la bacteria, estuvo con cateter para alimentarla v\u00eda sangu\u00ednea y con respiraci\u00f3n artificial muchas semanas.<\/p>\n<p>Montse es una ni\u00f1a que desde ese entonces mostr\u00f3 su temple y car\u00e1cter para salir adelante yo le di todo mi amor y cari\u00f1o y se la encomend\u00e9 a la Virgen Mar\u00eda para que ella me ayudara con tanto dolor y miedo de perderla, me dio la fuerza necesaria, la confianza y tranquilidad para tomar las mejores decisiones para su recuperaci\u00f3n y sanaci\u00f3n.<\/p>\n<p>Fueron otros momentos m\u00e1s en los que Dios te invita a hacer una introspecci\u00f3n y te da la lucidez necesaria para poder valorar m\u00e1s aun la vida, la familia y el amo, todo aquello que si tiene importancia y que deja huella.<\/p>\n<p>Al poco tiempo ya en casa todos con bien decid\u00ed ponerme a trabajar nuevamente en algo que pudiera compaginar con ser madre esposa y ama de casa a la vez, que me hiciera sentir \u00fatil y productiva.<\/p>\n<p>Comenc\u00e9 con la venta de ropa de marca en casa, me hice de una muy buena cartera de clientes y poco a poco fui obteniendo resultados favorables, luego lo complemente con ventas de traje de ba\u00f1o colombianos, argentinos y brasile\u00f1os con un poco de bisuter\u00eda fina, descubr\u00ed una facilidad, actitud y talento para vender muy interesante.<\/p>\n<p><a href=\"http:\/\/gdlfashion.com\/wp-content\/uploads\/2014\/06\/GdlFashionJun0032.jpg\"><img loading=\"lazy\" decoding=\"async\" class=\"size-medium wp-image-5313 alignleft\" alt=\"GdlFashionJun0032\" src=\"http:\/\/gdlfashion.com\/wp-content\/uploads\/2014\/06\/GdlFashionJun0032-300x200.jpg\" width=\"300\" height=\"200\" srcset=\"http:\/\/gdlfashion.com\/wp-content\/uploads\/2014\/06\/GdlFashionJun0032-300x200.jpg 300w, http:\/\/gdlfashion.com\/wp-content\/uploads\/2014\/06\/GdlFashionJun0032-1024x682.jpg 1024w, http:\/\/gdlfashion.com\/wp-content\/uploads\/2014\/06\/GdlFashionJun0032-82x55.jpg 82w\" sizes=\"(max-width: 300px) 100vw, 300px\" \/><\/a>No sab\u00eda en aquel entonces que me fuera a gustar tanto el comercio y la venta de productos, me dedique alrededor de dos a\u00f1os a ese rubro de la ropa y accesorios pero viendo mis logros y sinti\u00e9ndome con confianza cada vez m\u00e1s quise incursionar en algo m\u00e1s interesante y con mejor proyecci\u00f3n a futuro, as\u00ed que acepte una oportunidad, otra m\u00e1s, en aquel entonces, de ser la cabeza de una empresa fundada y respaldada por laboratorios Pisa llamada Vitam\u00ednica, donde el director de esta y su esposa eran grandes y muy buenos amigos.<\/p>\n<p>Era un multinivel encabezado por su esposa y yo, adem\u00e1s de ser nosotras las conferencistas de las charlas de nutrici\u00f3n, formaci\u00f3n de buenos h\u00e1bitos alimenticios y explicaci\u00f3n sobre cada producto que ofrec\u00edamos a nuestros clientes, apoyadas por nutri\u00f3logos y doctores especialistas en cada tema. Logre objetivos m\u00e1s r\u00e1pido de lo que yo imaginaba, en menos de un a\u00f1o logre tener m\u00e1s de tres mil compradores y cientos de socios, inauguramos puntos de ventas en la ciudad de M\u00e9xico, as\u00ed como Hermosillo, Sonora y Le\u00f3n, Guanajuato, fue un momento de mi vida donde me sent\u00eda con mucha estabilidad en la mayor\u00eda de los aspectos de mi vida: seguridad emocional, econom\u00eda y grandes sue\u00f1os de seguir creciendo cada vez m\u00e1s, aportando lo mejor de m\u00ed para ser la empresa m\u00e1s exitosa de M\u00e9xico, con relaci\u00f3n a suplementos alimenticios aromaterapia y productos de belleza.<\/p>\n<p>Todos esos sue\u00f1os se desplomaron un d\u00eda de verano, cuando estaba de vacaciones con mis hijos en la playa, a mi regreso me encontr\u00e9 con una empresa que ya no exist\u00eda,\u00a0 hab\u00edan hecho auditor\u00eda y rematado todo los productos existentes, as\u00ed como lo escuchan, resulta que los socios capitalistas tuvieron grandes diferencias y por la lucha de quedarse con la empresa y vender sus acciones algunos de ellos no se pusieron de acuerdo y se fueron a pleito al grado de decidir mejor cerrar la empresa con la mano en la cintura y despedir a no menos de 100 empleados que hac\u00edamos posible que esto funcionara -un golpe m\u00e1s- una gran decepci\u00f3n y tristeza.<\/p>\n<p>A comenzar de cero. \u00a0Al poco tiempo me busco una persona con la que me hab\u00edan recomendado por mis buenos resultados y logros en ventas y promoci\u00f3n de productos relacionados con la salud, era otro multinivel m\u00e1s pero con un solo producto, inicie primero yo como consumidor para probar sus resultados se los d\u00ed por un mes a mi familia y sentimos mucho m\u00e1s energ\u00eda y bienestar en nuestras funciones digestivas, fue cuando acepte unirme al grupo de distribuciones en nuestra ciudad.<\/p>\n<p><a href=\"http:\/\/gdlfashion.com\/wp-content\/uploads\/2014\/06\/DSC_5910.jpg\"><img loading=\"lazy\" decoding=\"async\" class=\"size-medium wp-image-5314 alignright\" alt=\"DSC_5910\" src=\"http:\/\/gdlfashion.com\/wp-content\/uploads\/2014\/06\/DSC_5910-198x300.jpg\" width=\"198\" height=\"300\" srcset=\"http:\/\/gdlfashion.com\/wp-content\/uploads\/2014\/06\/DSC_5910-198x300.jpg 198w, http:\/\/gdlfashion.com\/wp-content\/uploads\/2014\/06\/DSC_5910-678x1024.jpg 678w, http:\/\/gdlfashion.com\/wp-content\/uploads\/2014\/06\/DSC_5910-36x55.jpg 36w\" sizes=\"(max-width: 198px) 100vw, 198px\" \/><\/a>\u00a0Logre captar a mis antiguos clientes de Vitam\u00ednica y logre tambi\u00e9n a la vez ventas importantes, pero la satisfacci\u00f3n m\u00e1s grande fue el poder ayudar a tanta gente a tener una mejor calidad de vida por medio de este jugo natural tan rico en nutrientes, me llamaban personas agradeciendo todo los cambios y los pro que notaban con su consumo.<\/p>\n<p>Despu\u00e9s del a\u00f1o cumplido, metas cumplidas, y cada vez m\u00e1s experiencia del manejo de producto, publicidad y relaciones p\u00fablicas, me vi con la inquietud de prepararme para ser una asesora en bienes ra\u00edces, me hab\u00edan buscado amigas para trabajar en mancuerna con ellas y al mismo tiempo poder tener un\u00a0 mejor ingreso haciendo lo mismo pero con productos m\u00e1s lujosos y b\u00e1sicos, como es la adquisici\u00f3n de un inmueble.<\/p>\n<p>Me recomendaron con el director de una de las inmobiliarias m\u00e1s prestigiadas y reconocidas en esta ciudad, el cual me dio la oportunidad de trabajar con \u00e9l, (Tomas Colsa) formando parte de su grupo de ventas, labore para Lemmus Real Estate alrededor de cuatro a\u00f1os, a\u00f1os muy productivos donde alcance objetivos sumamente importantes y destaque en mis puesto como asesora, \u00a0goce de mucha tranquilidad financiera as\u00ed como de una gran realizaci\u00f3n personal en lo profesional, el \u00faltimo a\u00f1o que estuve dentro de este puesto me involucre tambi\u00e9n en la entrega de desarrollos a propietarios para quien comercializ\u00e1bamos \u00a0varios de los proyectos del empresario Felipe Tome.<\/p>\n<p>El me contrat\u00f3 para hacer la entrega de departamentos aqu\u00ed en la ciudad logre con \u00e9xito la entrega de estos y goce con dos trabajos de muy buena aceptaci\u00f3n y remuneraci\u00f3n, dentro de las ventas y las entregas, conoc\u00ed a muchos de mis clientes y amigos de hoy, ellos me ped\u00edan apoyo con la decoraci\u00f3n de sus propiedades al saber que esta parte me gustaba, d\u00e1ndoles ideas para hacer un mejor provecho de los espacios y potencializar su belleza y distinci\u00f3n, fue ah\u00ed donde se me ocurri\u00f3 asociarme con una gran decoradora y amiga llamada Isabel Iturbide.<\/p>\n<p style=\"text-align: left;\">\u00a0<a href=\"http:\/\/gdlfashion.com\/wp-content\/uploads\/2014\/06\/DSC_5916.jpg\"><img loading=\"lazy\" decoding=\"async\" class=\"size-medium wp-image-5315 alignright\" alt=\"DSC_5916\" src=\"http:\/\/gdlfashion.com\/wp-content\/uploads\/2014\/06\/DSC_5916-198x300.jpg\" width=\"198\" height=\"300\" srcset=\"http:\/\/gdlfashion.com\/wp-content\/uploads\/2014\/06\/DSC_5916-198x300.jpg 198w, http:\/\/gdlfashion.com\/wp-content\/uploads\/2014\/06\/DSC_5916-678x1024.jpg 678w, http:\/\/gdlfashion.com\/wp-content\/uploads\/2014\/06\/DSC_5916-36x55.jpg 36w\" sizes=\"(max-width: 198px) 100vw, 198px\" \/><\/a>Juntas trabajamos decorando algunos departamentos y casas dentro de la ciudad y en algunas playas de la Republica, todo iba de maravilla hasta un buen d\u00eda me convenci\u00f3 un cirujano que hab\u00eda escuchado de m\u00ed, mi trabajo y sobre todo que yo podr\u00eda ser una buena opci\u00f3n como cliente para atraer m\u00e1s clientes a su consultorio, estuvo un a\u00f1o pidi\u00e9ndome que fuera a verlo y que me regalar\u00eda tratamientos para estimular col\u00e1geno y elastina en mi cara, para poder seguir luciendo fresca y joven por mucho tiempo m\u00e1s, todo lo dem\u00e1s sucedido ya lo saben, ya que en este tiempo saque un art\u00edculo relacionado con el infierno que viv\u00ed al someterme a un tratamiento a base de una c\u00e9lula madre que estaba contaminada y me da\u00f1o tanto al grado de terminar con cateter directo al coraz\u00f3n durante los dos \u00faltimos meses de mi enfermedad, que fueron seis en total, que me dedique a erradicar la bacteria, ese es otro episodio de mi vida muy fuerte y delicado, deje de trabajar de hacer ejercicio y de hacer todas mis funciones excepto la de madre.<\/p>\n<p>\u00a0Gracias a Dios y a mi estilo de vida sana y deportiva pude ganar la batalla y nuevamente gozar de salud plena, sin ninguna secuela importante, una vez repuesta al cien por ciento comenc\u00e9 a tener una forma diferente de pensar y ver la vida, estos momentos tan fuertes que viv\u00ed en esos d\u00edas me cambiaron por completo la visi\u00f3n de muchas cosas, creo que Dios te manda lecciones y te pone obst\u00e1culos para lograr cambios en ti o por lo menos que valores m\u00e1s la vida y la salud.<\/p>\n<p>A partir de eso quise dedicarme a hacer realmente lo que me gusta: Relaciones P\u00fablicas \u00a0(RP)y el Arte.<\/p>\n<p>Comenc\u00e9 junto con un buen amigo m\u00edo a colaborar en radio y algunos eventos como RP, siempre lo he admirado y respetado por su labor y por ser un gran ser humano muy conocido ya por la sociedad tapat\u00eda y sus magn\u00edficas convocatorias y resultados Paulo Orendain, quien me apoy\u00f3 mucho a incursionar como publirrelacionista y al mismo tiempo me dedique a estudiar Arte, tomado cursos y seminarios, fue tal mi motivaci\u00f3n y pasi\u00f3n por este tema que organizamos un viaje a Nueva York, donde dedicamos m\u00e1s de una semana a visitar museos y galer\u00edas adem\u00e1s de experimentar subastas en Sotheby&#8217;s y christie&#8217;s, todo esto de la mano de nuestro Alejandro Rodr\u00edguez gran conocedor de Arte y amante de todo lo que le rodea.<\/p>\n<p><a href=\"http:\/\/gdlfashion.com\/wp-content\/uploads\/2014\/06\/DSC_5922.jpg\"><img loading=\"lazy\" decoding=\"async\" class=\"size-medium wp-image-5316 alignleft\" alt=\"DSC_5922\" src=\"http:\/\/gdlfashion.com\/wp-content\/uploads\/2014\/06\/DSC_5922-198x300.jpg\" width=\"198\" height=\"300\" srcset=\"http:\/\/gdlfashion.com\/wp-content\/uploads\/2014\/06\/DSC_5922-198x300.jpg 198w, http:\/\/gdlfashion.com\/wp-content\/uploads\/2014\/06\/DSC_5922-678x1024.jpg 678w, http:\/\/gdlfashion.com\/wp-content\/uploads\/2014\/06\/DSC_5922-36x55.jpg 36w\" sizes=\"(max-width: 198px) 100vw, 198px\" \/><\/a>Hoy por hoy soy un consultor en Arte y forme una sociedad con Rodrigo Hern\u00e1ndez Director de la Galer\u00eda Tiro al Blanco, quien lleva muchos a\u00f1os como consultor y director de esta galer\u00eda quien representa grandes artistas de arte contempor\u00e1neo ya con una trayectoria muy importante donde a logrado hacer fundaci\u00f3nes, un par de esta en Guanajuato, y estamos por abrir una tercera en Occidente, juntos tenemos un nuevo proyecto a nivel empresarial en cual somos socios donde nuestro objetivo es asesorar a los empresarios en la compra de piezas de arte para que a futuro logren tener sus propias colecci\u00f3nes con los beneficios de al convertirse en empresas culturalmente responsables nos de una mejor imagen y prestigio a nuestro Pa\u00eds para que pueda crecer en este \u00e1mbito, haciendo una sociedad m\u00e1s culta y a la vez reactivar econom\u00eda y turismo al poder aportar riquezas y punto de inter\u00e9s para el resto del mundo.<\/p>\n<p>El arte tiene mucho potencial, ya que no solo tenemos este proyecto del que platico y pretendemos con propuestas hechas a la medida del cliente, adem\u00e1s de invitarnos a participar en varias remodelaciones y proyectos de hoteler\u00eda como lo es en la ciudad de M\u00e9xico, Puerto Vallarta, Los Cabos y pr\u00f3ximamente Canc\u00fan, tenemos muchas ideas muchos proyectos mucho trabajo, grandes metas pero sobre todo muchas ganas de seguir ofreciendo a trav\u00e9s\u00a0 del arte un M\u00e9xico mucho m\u00e1s atractivo e interesante para el turismo internacional, Empezando por nuestra ciudad natal: Guadalajara, no solo que nos conozcan como la tierra del Tequila y del Mariachi, ni por la mujeres hermosas, sino tambi\u00e9n por ser una ciudad llena de riquezas Culturales.<\/p>\n","protected":false},"excerpt":{"rendered":"<p>Encantada de compartir de mi vida Muchas Gracias a Gdl Fashion por esta entrevista! &nbsp; Desde ni\u00f1a tuve la fortuna&hellip;<\/p>\n","protected":false},"author":2,"featured_media":5317,"comment_status":"closed","ping_status":"closed","sticky":false,"template":"","format":"standard","meta":{"footnotes":""},"categories":[1],"tags":[],"_links":{"self":[{"href":"http:\/\/gdlfashion.com\/index.php?rest_route=\/wp\/v2\/posts\/5306"}],"collection":[{"href":"http:\/\/gdlfashion.com\/index.php?rest_route=\/wp\/v2\/posts"}],"about":[{"href":"http:\/\/gdlfashion.com\/index.php?rest_route=\/wp\/v2\/types\/post"}],"author":[{"embeddable":true,"href":"http:\/\/gdlfashion.com\/index.php?rest_route=\/wp\/v2\/users\/2"}],"replies":[{"embeddable":true,"href":"http:\/\/gdlfashion.com\/index.php?rest_route=%2Fwp%2Fv2%2Fcomments&post=5306"}],"version-history":[{"count":1,"href":"http:\/\/gdlfashion.com\/index.php?rest_route=\/wp\/v2\/posts\/5306\/revisions"}],"predecessor-version":[{"id":5318,"href":"http:\/\/gdlfashion.com\/index.php?rest_route=\/wp\/v2\/posts\/5306\/revisions\/5318"}],"wp:featuredmedia":[{"embeddable":true,"href":"http:\/\/gdlfashion.com\/index.php?rest_route=\/wp\/v2\/media\/5317"}],"wp:attachment":[{"href":"http:\/\/gdlfashion.com\/index.php?rest_route=%2Fwp%2Fv2%2Fmedia&parent=5306"}],"wp:term":[{"taxonomy":"category","embeddable":true,"href":"http:\/\/gdlfashion.com\/index.php?rest_route=%2Fwp%2Fv2%2Fcategories&post=5306"},{"taxonomy":"post_tag","embeddable":true,"href":"http:\/\/gdlfashion.com\/index.php?rest_route=%2Fwp%2Fv2%2Ftags&post=5306"}],"curies":[{"name":"wp","href":"https:\/\/api.w.org\/{rel}","templated":true}]}}