{"id":5277,"date":"2014-05-18T22:28:52","date_gmt":"2014-05-18T22:28:52","guid":{"rendered":"http:\/\/gdlfashion.com\/?p=5277"},"modified":"2014-05-18T23:04:16","modified_gmt":"2014-05-18T23:04:16","slug":"la-libertad-de-crear","status":"publish","type":"post","link":"http:\/\/gdlfashion.com\/?p=5277","title":{"rendered":"La Libertad de Crear"},"content":{"rendered":"<h2>Tapalpa Festival de Cine 2014<\/h2>\n<p>El actor, eje clave de esta edici\u00f3n<\/p>\n<p>Adem\u00e1s de cine y talento presente, habr\u00e1 espacios para el teatro, la gastronom\u00eda y la sustentabilidad.<\/p>\n<p>la Segunda Edici\u00f3n del Festival de Cine de\u00a0Tapalpa, que se realizar\u00e1 del 29 al 31 de mayo.<\/p>\n<p>El festival Internacional de Cine Guadalajara #FICG un aliado del festival de Tapalpa en la promoci\u00f3n de cine de calidad en Jalisco<\/p>\n<p>Exhibici\u00f3n de pel\u00edculas al aire libre, toda las funciones son totalmente gratuitas,\u00a0los organizadores del evento, te invitan a asistir a este festival, encabezados por Dolores Tapia, as\u00ed como representantes de diferentes instancias tur\u00edsticas y del gobierno municipal de este Pueblo M\u00e1gico.<\/p>\n<p>Liz Gallardo, la actriz de cine y televisi\u00f3n originaria de Guadalajara, acudir\u00e1 a la cita cinematogr\u00e1fica aportando una curadur\u00eda especial donde seleccionar\u00e1 cintas para el p\u00fablico infantil de Tapalpa y ser\u00e1 madrina invitada del taller de actuaci\u00f3n para la comunidad.<\/p>\n<p>mas informes en la pagina del festival:<\/p>\n<p><a href=\"http:\/\/www.tapalpafestivaldecine.com.mx\/\">http:\/\/www.tapalpafestivaldecine.com.mx\/<\/a><\/p>\n<p>&nbsp;<\/p>\n<div id=\"fb-root\"><\/div>\n<p><script type=\"text\/javascript\">\/\/ <![CDATA[\n(function(d, s, id) { var js, fjs = d.getElementsByTagName(s)[0]; if (d.getElementById(id)) return; js = d.createElement(s); js.id = id; js.src = \"\/\/connect.facebook.net\/es_LA\/all.js#xfbml=1\"; fjs.parentNode.insertBefore(js, fjs); }(document, 'script', 'facebook-jssdk'));\n\/\/ ]]><\/script><\/p>\n<div class=\"fb-post\" data-href=\"https:\/\/www.facebook.com\/media\/set\/?set=a.654208177989482.1073742051.270492669694370&amp;type=1\" data-width=\"466\">\n<div class=\"fb-xfbml-parse-ignore\"><a href=\"https:\/\/www.facebook.com\/media\/set\/?set=a.654208177989482.1073742051.270492669694370&amp;type=1\">Publicaci\u00f3n<\/a> by <a href=\"https:\/\/www.facebook.com\/GdlFashion\">GdlFashion<\/a>.<\/div>\n<\/div>\n","protected":false},"excerpt":{"rendered":"<p>Tapalpa Festival de Cine 2014 El actor, eje clave de esta edici\u00f3n Adem\u00e1s de cine y talento presente, habr\u00e1 espacios&hellip;<\/p>\n","protected":false},"author":2,"featured_media":5278,"comment_status":"closed","ping_status":"closed","sticky":false,"template":"","format":"standard","meta":{"footnotes":""},"categories":[1],"tags":[],"_links":{"self":[{"href":"http:\/\/gdlfashion.com\/index.php?rest_route=\/wp\/v2\/posts\/5277"}],"collection":[{"href":"http:\/\/gdlfashion.com\/index.php?rest_route=\/wp\/v2\/posts"}],"about":[{"href":"http:\/\/gdlfashion.com\/index.php?rest_route=\/wp\/v2\/types\/post"}],"author":[{"embeddable":true,"href":"http:\/\/gdlfashion.com\/index.php?rest_route=\/wp\/v2\/users\/2"}],"replies":[{"embeddable":true,"href":"http:\/\/gdlfashion.com\/index.php?rest_route=%2Fwp%2Fv2%2Fcomments&post=5277"}],"version-history":[{"count":9,"href":"http:\/\/gdlfashion.com\/index.php?rest_route=\/wp\/v2\/posts\/5277\/revisions"}],"predecessor-version":[{"id":5287,"href":"http:\/\/gdlfashion.com\/index.php?rest_route=\/wp\/v2\/posts\/5277\/revisions\/5287"}],"wp:featuredmedia":[{"embeddable":true,"href":"http:\/\/gdlfashion.com\/index.php?rest_route=\/wp\/v2\/media\/5278"}],"wp:attachment":[{"href":"http:\/\/gdlfashion.com\/index.php?rest_route=%2Fwp%2Fv2%2Fmedia&parent=5277"}],"wp:term":[{"taxonomy":"category","embeddable":true,"href":"http:\/\/gdlfashion.com\/index.php?rest_route=%2Fwp%2Fv2%2Fcategories&post=5277"},{"taxonomy":"post_tag","embeddable":true,"href":"http:\/\/gdlfashion.com\/index.php?rest_route=%2Fwp%2Fv2%2Ftags&post=5277"}],"curies":[{"name":"wp","href":"https:\/\/api.w.org\/{rel}","templated":true}]}}