{"id":5223,"date":"2014-05-18T16:38:44","date_gmt":"2014-05-18T16:38:44","guid":{"rendered":"http:\/\/gdlfashion.com\/?p=5223"},"modified":"2014-05-18T18:57:10","modified_gmt":"2014-05-18T18:57:10","slug":"patrice-beaute","status":"publish","type":"post","link":"http:\/\/gdlfashion.com\/?p=5223","title":{"rendered":"Patrice Beaut\u00e9"},"content":{"rendered":"<h2>\u00a0 \u00a0 \u00a0 \u00a0 \u00a0 \u00a0 \u00a0 \u00a0 \u00a0#PatriceAttitude<\/h2>\n<p><a href=\"http:\/\/gdlfashion.com\/wp-content\/uploads\/2014\/05\/Mayo201428.jpg\"><img loading=\"lazy\" decoding=\"async\" class=\"alignnone size-medium wp-image-5224\" alt=\"Mayo201428\" src=\"http:\/\/gdlfashion.com\/wp-content\/uploads\/2014\/05\/Mayo201428-300x200.jpg\" width=\"300\" height=\"200\" srcset=\"http:\/\/gdlfashion.com\/wp-content\/uploads\/2014\/05\/Mayo201428-300x200.jpg 300w, http:\/\/gdlfashion.com\/wp-content\/uploads\/2014\/05\/Mayo201428-1024x682.jpg 1024w, http:\/\/gdlfashion.com\/wp-content\/uploads\/2014\/05\/Mayo201428-82x55.jpg 82w, http:\/\/gdlfashion.com\/wp-content\/uploads\/2014\/05\/Mayo201428.jpg 1536w\" sizes=\"(max-width: 300px) 100vw, 300px\" \/><\/a><\/p>\n<p>En el Centro Comercial Andares, exactamente en el foro se llevar\u00e1 a cabo el primer reality show\u00a0#PatriceAttitude,\u00a0<i>Transformaci\u00f3n en Acci\u00f3n.<\/i><\/p>\n<p><b>Patrice<\/b><b>\u00a0Beaut\u00e9<\/b>\u00a0lanz\u00f3 una convocatoria\u00a0a trav\u00e9s de sus redes sociales y ma\u00f1ana 4\u00a0<i>coaches<\/i>, expertos en moda, desarrollaron la imagen de los finalistas.\u00a0<b>Patrice\u00a0Mullard, Fernando Castro Poil, Mauricio Castro Poil y Andrea Peregrina\u00a0<\/b>junto con a cuatro Estilistas Top de\u00a0Patrice\u00a0Beaut\u00e9 realizar\u00e1n los impactantes cambios de look.<\/p>\n<p>La conducci\u00f3n del evento correr\u00e1 a cargo por la Top Model Tapat\u00eda,\u00a0<b>Sof\u00eda M\u00f3naco<\/b>.<\/p>\n<p>Al terminar el evento se realizar\u00e1 en coctel VIP en el Sal\u00f3n Atelier de\u00a0Casa\u00a0Patrice<\/p>\n<p>&nbsp;<\/p>\n<div id=\"fb-root\"><\/div>\n<p><script type=\"text\/javascript\">\/\/ <![CDATA[\n(function(d, s, id) { var js, fjs = d.getElementsByTagName(s)[0]; if (d.getElementById(id)) return; js = d.createElement(s); js.id = id; js.src = \"\/\/connect.facebook.net\/es_LA\/all.js#xfbml=1\"; fjs.parentNode.insertBefore(js, fjs); }(document, 'script', 'facebook-jssdk'));\n\/\/ ]]><\/script><\/p>\n<div class=\"fb-post\" data-href=\"https:\/\/www.facebook.com\/media\/set\/?set=a.654045118005788.1073742045.270492669694370&amp;type=1\" data-width=\"466\">\n<div class=\"fb-xfbml-parse-ignore\"><a href=\"https:\/\/www.facebook.com\/media\/set\/?set=a.654045118005788.1073742045.270492669694370&amp;type=1\">Publicaci\u00f3n<\/a> by <a href=\"https:\/\/www.facebook.com\/GdlFashion\">GdlFashion<\/a>.<\/div>\n<\/div>\n","protected":false},"excerpt":{"rendered":"<p>\u00a0 \u00a0 \u00a0 \u00a0 \u00a0 \u00a0 \u00a0 \u00a0 \u00a0#PatriceAttitude En el Centro Comercial Andares, exactamente en el foro se llevar\u00e1&hellip;<\/p>\n","protected":false},"author":2,"featured_media":5245,"comment_status":"closed","ping_status":"closed","sticky":false,"template":"","format":"standard","meta":{"footnotes":""},"categories":[9],"tags":[],"_links":{"self":[{"href":"http:\/\/gdlfashion.com\/index.php?rest_route=\/wp\/v2\/posts\/5223"}],"collection":[{"href":"http:\/\/gdlfashion.com\/index.php?rest_route=\/wp\/v2\/posts"}],"about":[{"href":"http:\/\/gdlfashion.com\/index.php?rest_route=\/wp\/v2\/types\/post"}],"author":[{"embeddable":true,"href":"http:\/\/gdlfashion.com\/index.php?rest_route=\/wp\/v2\/users\/2"}],"replies":[{"embeddable":true,"href":"http:\/\/gdlfashion.com\/index.php?rest_route=%2Fwp%2Fv2%2Fcomments&post=5223"}],"version-history":[{"count":1,"href":"http:\/\/gdlfashion.com\/index.php?rest_route=\/wp\/v2\/posts\/5223\/revisions"}],"predecessor-version":[{"id":5226,"href":"http:\/\/gdlfashion.com\/index.php?rest_route=\/wp\/v2\/posts\/5223\/revisions\/5226"}],"wp:featuredmedia":[{"embeddable":true,"href":"http:\/\/gdlfashion.com\/index.php?rest_route=\/wp\/v2\/media\/5245"}],"wp:attachment":[{"href":"http:\/\/gdlfashion.com\/index.php?rest_route=%2Fwp%2Fv2%2Fmedia&parent=5223"}],"wp:term":[{"taxonomy":"category","embeddable":true,"href":"http:\/\/gdlfashion.com\/index.php?rest_route=%2Fwp%2Fv2%2Fcategories&post=5223"},{"taxonomy":"post_tag","embeddable":true,"href":"http:\/\/gdlfashion.com\/index.php?rest_route=%2Fwp%2Fv2%2Ftags&post=5223"}],"curies":[{"name":"wp","href":"https:\/\/api.w.org\/{rel}","templated":true}]}}