{"id":5125,"date":"2014-04-28T16:06:10","date_gmt":"2014-04-28T16:06:10","guid":{"rendered":"http:\/\/gdlfashion.com\/?p=5125"},"modified":"2014-04-28T16:06:10","modified_gmt":"2014-04-28T16:06:10","slug":"festival-cultural-de-tequila-2014-2","status":"publish","type":"post","link":"http:\/\/gdlfashion.com\/?p=5125","title":{"rendered":"Festival Cultural de Tequila 2014"},"content":{"rendered":"<h3>FUNDACI\u00d3N\u00a0JOS\u00c9 CUERVO PRESENTE<\/h3>\n<p>El festival Cultural de Tequila Cumple 10 a\u00f1os<\/p>\n<p>Cerca de 700 personas se dieron cita en la inauguraci\u00f3n de la d\u00e9cima edici\u00f3n del Festival Cultural de Tequila 2014 que empez\u00f3 con un acto protocolario de los dirigentes del festival as\u00ed como el presidente municipal de Tequila Jalisco, Gilberto S\u00e1nchez, quien entreg\u00f3 las llaves de la Ciudad a Doris Beckmann.<\/p>\n<p>La representaci\u00f3n de la \u00f3pera \u201cla Flauta M\u00e1gica\u201d de W. A. Mozart en la que participaron cantantes de talla internacional y j\u00f3venes integrantes del coro de la Fundaci\u00f3n Cuervo, adem\u00e1s de la Orquesta Filarm\u00f3nica de Jalisco todos bajo la direcci\u00f3n de Vladimir G\u00f3mez.<\/p>\n<p>Durante los tres d\u00edas del Festival se presentaron varios artistas de g\u00e9neros diferentes para el gusto de todo el publico, como Zofi Zaro joven promesa en la m\u00fasica pop, el ensamble Fandango, el grupo de rock \u201cAllison\u201d, para hacer un gran \u00e9xito de la d\u00e9cima\u00a0 edici\u00f3n del Festival Cultura de Tequila.<\/p>\n<p>En hora buena a la Fundaci\u00f3n Jos\u00e9 Cuervo organizadora del evento.<\/p>\n<p>&nbsp;<\/p>\n<div id=\"fb-root\"><\/div>\n<p> <script>(function(d, s, id) { var js, fjs = d.getElementsByTagName(s)[0]; if (d.getElementById(id)) return; js = d.createElement(s); js.id = id; js.src = \"\/\/connect.facebook.net\/es_LA\/all.js#xfbml=1\"; fjs.parentNode.insertBefore(js, fjs); }(document, 'script', 'facebook-jssdk'));<\/script><\/p>\n<div class=\"fb-post\" data-href=\"https:\/\/www.facebook.com\/media\/set\/?set=a.639459176131049.1073742029.270492669694370&amp;type=1\" data-width=\"466\">\n<div class=\"fb-xfbml-parse-ignore\"><a href=\"https:\/\/www.facebook.com\/media\/set\/?set=a.639459176131049.1073742029.270492669694370&amp;type=1\">Publicaci\u00f3n<\/a> by <a href=\"https:\/\/www.facebook.com\/GdlFashion\">GdlFashion<\/a>.<\/div>\n<\/div>\n<p>&nbsp;<\/p>\n","protected":false},"excerpt":{"rendered":"<p>FUNDACI\u00d3N\u00a0JOS\u00c9 CUERVO PRESENTE El festival Cultural de Tequila Cumple 10 a\u00f1os Cerca de 700 personas se dieron cita en la&hellip;<\/p>\n","protected":false},"author":2,"featured_media":5126,"comment_status":"closed","ping_status":"closed","sticky":false,"template":"","format":"standard","meta":{"footnotes":""},"categories":[9],"tags":[],"_links":{"self":[{"href":"http:\/\/gdlfashion.com\/index.php?rest_route=\/wp\/v2\/posts\/5125"}],"collection":[{"href":"http:\/\/gdlfashion.com\/index.php?rest_route=\/wp\/v2\/posts"}],"about":[{"href":"http:\/\/gdlfashion.com\/index.php?rest_route=\/wp\/v2\/types\/post"}],"author":[{"embeddable":true,"href":"http:\/\/gdlfashion.com\/index.php?rest_route=\/wp\/v2\/users\/2"}],"replies":[{"embeddable":true,"href":"http:\/\/gdlfashion.com\/index.php?rest_route=%2Fwp%2Fv2%2Fcomments&post=5125"}],"version-history":[{"count":1,"href":"http:\/\/gdlfashion.com\/index.php?rest_route=\/wp\/v2\/posts\/5125\/revisions"}],"predecessor-version":[{"id":5127,"href":"http:\/\/gdlfashion.com\/index.php?rest_route=\/wp\/v2\/posts\/5125\/revisions\/5127"}],"wp:featuredmedia":[{"embeddable":true,"href":"http:\/\/gdlfashion.com\/index.php?rest_route=\/wp\/v2\/media\/5126"}],"wp:attachment":[{"href":"http:\/\/gdlfashion.com\/index.php?rest_route=%2Fwp%2Fv2%2Fmedia&parent=5125"}],"wp:term":[{"taxonomy":"category","embeddable":true,"href":"http:\/\/gdlfashion.com\/index.php?rest_route=%2Fwp%2Fv2%2Fcategories&post=5125"},{"taxonomy":"post_tag","embeddable":true,"href":"http:\/\/gdlfashion.com\/index.php?rest_route=%2Fwp%2Fv2%2Ftags&post=5125"}],"curies":[{"name":"wp","href":"https:\/\/api.w.org\/{rel}","templated":true}]}}