{"id":5104,"date":"2014-04-27T15:36:46","date_gmt":"2014-04-27T15:36:46","guid":{"rendered":"http:\/\/gdlfashion.com\/?p=5104"},"modified":"2014-04-27T15:39:56","modified_gmt":"2014-04-27T15:39:56","slug":"san-juan-pablo-ii","status":"publish","type":"post","link":"http:\/\/gdlfashion.com\/?p=5104","title":{"rendered":"San Juan Pablo II"},"content":{"rendered":"<h3>Son Canonizados Juan Pablo II y Juan XXIII por el Papa Francisco<\/h3>\n<p>La misa fue oficiada por el papa Francisco y concelebraron con \u00e9l 150 cardenales y 700 obispos llegados de todo el mundo para esta ocasi\u00f3n<\/p>\n<p>Juan Pablo II visit\u00f3 M\u00e9xico en cinco ocasiones gan\u00e1ndose la empat\u00eda de\u00a0 millones de cat\u00f3licos, \u00abEL Papa de M\u00e9xico\u00bb, \u00abEl Papa Mexicano\u00bb.<\/p>\n<p>Ante m\u00e1s de 800 mil fieles en la Plaza de San Pedro, San Juan Pablo II y San Juan XXIII fueron canonizados por el Papa Francisco.<\/p>\n<p>LA Primera Dama Ang\u00e9lica Rivera de Pe\u00f1a asisti\u00f3 a la canonizaci\u00f3n de los Papas San Juan XXIII y San Juan Pablo II, en comapa\u00f1\u00eda de sus hijas Sof\u00eda y Fernanda Castro.<\/p>\n<p><a href=\"http:\/\/gdlfashion.com\/wp-content\/uploads\/2014\/04\/juan_pablo_ii.jpg\"><img loading=\"lazy\" decoding=\"async\" class=\"alignnone size-medium wp-image-5106\" alt=\"juan_pablo_ii\" src=\"http:\/\/gdlfashion.com\/wp-content\/uploads\/2014\/04\/juan_pablo_ii-300x275.jpg\" width=\"300\" height=\"275\" srcset=\"http:\/\/gdlfashion.com\/wp-content\/uploads\/2014\/04\/juan_pablo_ii-300x275.jpg 300w, http:\/\/gdlfashion.com\/wp-content\/uploads\/2014\/04\/juan_pablo_ii-59x55.jpg 59w, http:\/\/gdlfashion.com\/wp-content\/uploads\/2014\/04\/juan_pablo_ii.jpg 653w\" sizes=\"(max-width: 300px) 100vw, 300px\" \/><\/a> <a href=\"http:\/\/gdlfashion.com\/wp-content\/uploads\/2014\/04\/Juan-Pablo-II.jpg\"><img loading=\"lazy\" decoding=\"async\" class=\"alignnone size-medium wp-image-5107\" alt=\"Juan-Pablo-II\" src=\"http:\/\/gdlfashion.com\/wp-content\/uploads\/2014\/04\/Juan-Pablo-II-300x300.jpg\" width=\"300\" height=\"300\" srcset=\"http:\/\/gdlfashion.com\/wp-content\/uploads\/2014\/04\/Juan-Pablo-II-300x300.jpg 300w, http:\/\/gdlfashion.com\/wp-content\/uploads\/2014\/04\/Juan-Pablo-II-150x150.jpg 150w, http:\/\/gdlfashion.com\/wp-content\/uploads\/2014\/04\/Juan-Pablo-II-55x55.jpg 55w, http:\/\/gdlfashion.com\/wp-content\/uploads\/2014\/04\/Juan-Pablo-II.jpg 970w\" sizes=\"(max-width: 300px) 100vw, 300px\" \/><\/a> <a href=\"http:\/\/gdlfashion.com\/wp-content\/uploads\/2014\/04\/JUanPabloIIa.jpg\"><img loading=\"lazy\" decoding=\"async\" class=\"alignnone size-medium wp-image-5108\" alt=\"JUanPabloIIa\" src=\"http:\/\/gdlfashion.com\/wp-content\/uploads\/2014\/04\/JUanPabloIIa.jpg\" width=\"259\" height=\"194\" srcset=\"http:\/\/gdlfashion.com\/wp-content\/uploads\/2014\/04\/JUanPabloIIa.jpg 259w, http:\/\/gdlfashion.com\/wp-content\/uploads\/2014\/04\/JUanPabloIIa-73x55.jpg 73w, http:\/\/gdlfashion.com\/wp-content\/uploads\/2014\/04\/JUanPabloIIa-123x92.jpg 123w, http:\/\/gdlfashion.com\/wp-content\/uploads\/2014\/04\/JUanPabloIIa-200x150.jpg 200w, http:\/\/gdlfashion.com\/wp-content\/uploads\/2014\/04\/JUanPabloIIa-100x75.jpg 100w\" sizes=\"(max-width: 259px) 100vw, 259px\" \/><\/a> <a href=\"http:\/\/gdlfashion.com\/wp-content\/uploads\/2014\/04\/JUanPabloIIb.jpg\"><img loading=\"lazy\" decoding=\"async\" class=\"alignnone size-medium wp-image-5109\" alt=\"JUanPabloIIb\" src=\"http:\/\/gdlfashion.com\/wp-content\/uploads\/2014\/04\/JUanPabloIIb-225x300.jpg\" width=\"225\" height=\"300\" srcset=\"http:\/\/gdlfashion.com\/wp-content\/uploads\/2014\/04\/JUanPabloIIb-225x300.jpg 225w, http:\/\/gdlfashion.com\/wp-content\/uploads\/2014\/04\/JUanPabloIIb-768x1024.jpg 768w, http:\/\/gdlfashion.com\/wp-content\/uploads\/2014\/04\/JUanPabloIIb-41x55.jpg 41w, http:\/\/gdlfashion.com\/wp-content\/uploads\/2014\/04\/JUanPabloIIb-300x399.jpg 300w, http:\/\/gdlfashion.com\/wp-content\/uploads\/2014\/04\/JUanPabloIIb.jpg 922w\" sizes=\"(max-width: 225px) 100vw, 225px\" \/><\/a> <a href=\"http:\/\/gdlfashion.com\/wp-content\/uploads\/2014\/04\/JUanPabloIIc.jpg\"><img loading=\"lazy\" decoding=\"async\" class=\"alignnone size-medium wp-image-5110\" alt=\"JUanPabloIIc\" src=\"http:\/\/gdlfashion.com\/wp-content\/uploads\/2014\/04\/JUanPabloIIc.jpg\" width=\"214\" height=\"235\" srcset=\"http:\/\/gdlfashion.com\/wp-content\/uploads\/2014\/04\/JUanPabloIIc.jpg 214w, http:\/\/gdlfashion.com\/wp-content\/uploads\/2014\/04\/JUanPabloIIc-50x55.jpg 50w\" sizes=\"(max-width: 214px) 100vw, 214px\" \/><\/a> <a href=\"http:\/\/gdlfashion.com\/wp-content\/uploads\/2014\/04\/JUanPabloIIn.jpg\"><img loading=\"lazy\" decoding=\"async\" class=\"alignnone size-medium wp-image-5111\" alt=\"JUanPabloIIn\" src=\"http:\/\/gdlfashion.com\/wp-content\/uploads\/2014\/04\/JUanPabloIIn.jpg\" width=\"212\" height=\"238\" srcset=\"http:\/\/gdlfashion.com\/wp-content\/uploads\/2014\/04\/JUanPabloIIn.jpg 212w, http:\/\/gdlfashion.com\/wp-content\/uploads\/2014\/04\/JUanPabloIIn-48x55.jpg 48w\" sizes=\"(max-width: 212px) 100vw, 212px\" \/><\/a> <a href=\"http:\/\/gdlfashion.com\/wp-content\/uploads\/2014\/04\/JuanXXIII.jpg\"><img loading=\"lazy\" decoding=\"async\" class=\"alignnone size-medium wp-image-5112\" alt=\"JuanXXIII\" src=\"http:\/\/gdlfashion.com\/wp-content\/uploads\/2014\/04\/JuanXXIII.jpg\" width=\"193\" height=\"261\" srcset=\"http:\/\/gdlfashion.com\/wp-content\/uploads\/2014\/04\/JuanXXIII.jpg 193w, http:\/\/gdlfashion.com\/wp-content\/uploads\/2014\/04\/JuanXXIII-40x55.jpg 40w\" sizes=\"(max-width: 193px) 100vw, 193px\" \/><\/a> <a href=\"http:\/\/gdlfashion.com\/wp-content\/uploads\/2014\/04\/JuanXXIIIC.jpg\"><img loading=\"lazy\" decoding=\"async\" class=\"alignnone size-medium wp-image-5113\" alt=\"JuanXXIIIC\" src=\"http:\/\/gdlfashion.com\/wp-content\/uploads\/2014\/04\/JuanXXIIIC.jpg\" width=\"144\" height=\"201\" srcset=\"http:\/\/gdlfashion.com\/wp-content\/uploads\/2014\/04\/JuanXXIIIC.jpg 144w, http:\/\/gdlfashion.com\/wp-content\/uploads\/2014\/04\/JuanXXIIIC-39x55.jpg 39w\" sizes=\"(max-width: 144px) 100vw, 144px\" \/><\/a> <a href=\"http:\/\/gdlfashion.com\/wp-content\/uploads\/2014\/04\/JuanXXIIIv.jpg\"><img loading=\"lazy\" decoding=\"async\" class=\"alignnone size-medium wp-image-5114\" alt=\"JuanXXIIIv\" src=\"http:\/\/gdlfashion.com\/wp-content\/uploads\/2014\/04\/JuanXXIIIv.jpg\" width=\"190\" height=\"265\" srcset=\"http:\/\/gdlfashion.com\/wp-content\/uploads\/2014\/04\/JuanXXIIIv.jpg 190w, http:\/\/gdlfashion.com\/wp-content\/uploads\/2014\/04\/JuanXXIIIv-39x55.jpg 39w\" sizes=\"(max-width: 190px) 100vw, 190px\" \/><\/a> <a href=\"http:\/\/gdlfashion.com\/wp-content\/uploads\/2014\/04\/Papa-Juan-Pablo-II.jpg\"><img loading=\"lazy\" decoding=\"async\" class=\"alignnone size-medium wp-image-5115\" alt=\"Papa-Juan-Pablo-II\" src=\"http:\/\/gdlfashion.com\/wp-content\/uploads\/2014\/04\/Papa-Juan-Pablo-II-300x225.jpg\" width=\"300\" height=\"225\" srcset=\"http:\/\/gdlfashion.com\/wp-content\/uploads\/2014\/04\/Papa-Juan-Pablo-II-300x225.jpg 300w, http:\/\/gdlfashion.com\/wp-content\/uploads\/2014\/04\/Papa-Juan-Pablo-II-73x55.jpg 73w, http:\/\/gdlfashion.com\/wp-content\/uploads\/2014\/04\/Papa-Juan-Pablo-II-123x92.jpg 123w, http:\/\/gdlfashion.com\/wp-content\/uploads\/2014\/04\/Papa-Juan-Pablo-II-200x150.jpg 200w, http:\/\/gdlfashion.com\/wp-content\/uploads\/2014\/04\/Papa-Juan-Pablo-II-100x75.jpg 100w, http:\/\/gdlfashion.com\/wp-content\/uploads\/2014\/04\/Papa-Juan-Pablo-II.jpg 800w\" sizes=\"(max-width: 300px) 100vw, 300px\" \/><\/a><\/p>\n<p>&nbsp;<\/p>\n","protected":false},"excerpt":{"rendered":"<p>Son Canonizados Juan Pablo II y Juan XXIII por el Papa Francisco La misa fue oficiada por el papa Francisco&hellip;<\/p>\n","protected":false},"author":2,"featured_media":5105,"comment_status":"closed","ping_status":"closed","sticky":false,"template":"","format":"standard","meta":{"footnotes":""},"categories":[9],"tags":[],"_links":{"self":[{"href":"http:\/\/gdlfashion.com\/index.php?rest_route=\/wp\/v2\/posts\/5104"}],"collection":[{"href":"http:\/\/gdlfashion.com\/index.php?rest_route=\/wp\/v2\/posts"}],"about":[{"href":"http:\/\/gdlfashion.com\/index.php?rest_route=\/wp\/v2\/types\/post"}],"author":[{"embeddable":true,"href":"http:\/\/gdlfashion.com\/index.php?rest_route=\/wp\/v2\/users\/2"}],"replies":[{"embeddable":true,"href":"http:\/\/gdlfashion.com\/index.php?rest_route=%2Fwp%2Fv2%2Fcomments&post=5104"}],"version-history":[{"count":5,"href":"http:\/\/gdlfashion.com\/index.php?rest_route=\/wp\/v2\/posts\/5104\/revisions"}],"predecessor-version":[{"id":5120,"href":"http:\/\/gdlfashion.com\/index.php?rest_route=\/wp\/v2\/posts\/5104\/revisions\/5120"}],"wp:featuredmedia":[{"embeddable":true,"href":"http:\/\/gdlfashion.com\/index.php?rest_route=\/wp\/v2\/media\/5105"}],"wp:attachment":[{"href":"http:\/\/gdlfashion.com\/index.php?rest_route=%2Fwp%2Fv2%2Fmedia&parent=5104"}],"wp:term":[{"taxonomy":"category","embeddable":true,"href":"http:\/\/gdlfashion.com\/index.php?rest_route=%2Fwp%2Fv2%2Fcategories&post=5104"},{"taxonomy":"post_tag","embeddable":true,"href":"http:\/\/gdlfashion.com\/index.php?rest_route=%2Fwp%2Fv2%2Ftags&post=5104"}],"curies":[{"name":"wp","href":"https:\/\/api.w.org\/{rel}","templated":true}]}}