{"id":5098,"date":"2014-04-23T00:57:29","date_gmt":"2014-04-23T00:57:29","guid":{"rendered":"http:\/\/gdlfashion.com\/?p=5098"},"modified":"2014-04-23T00:57:29","modified_gmt":"2014-04-23T00:57:29","slug":"salvatore-ferragamo","status":"publish","type":"post","link":"http:\/\/gdlfashion.com\/?p=5098","title":{"rendered":"Salvatore Ferragamo"},"content":{"rendered":"<h3>La boutique se visti\u00f3 de colores<\/h3>\n<p><a href=\"http:\/\/gdlfashion.com\/wp-content\/uploads\/2014\/04\/GdlFashionAbril47.jpg\"><img loading=\"lazy\" decoding=\"async\" class=\"alignnone size-medium wp-image-5099\" alt=\"GdlFashionAbril47\" src=\"http:\/\/gdlfashion.com\/wp-content\/uploads\/2014\/04\/GdlFashionAbril47-300x200.jpg\" width=\"300\" height=\"200\" srcset=\"http:\/\/gdlfashion.com\/wp-content\/uploads\/2014\/04\/GdlFashionAbril47-300x200.jpg 300w, http:\/\/gdlfashion.com\/wp-content\/uploads\/2014\/04\/GdlFashionAbril47-1024x682.jpg 1024w, http:\/\/gdlfashion.com\/wp-content\/uploads\/2014\/04\/GdlFashionAbril47-82x55.jpg 82w\" sizes=\"(max-width: 300px) 100vw, 300px\" \/><\/a><\/p>\n<p>En punto de las 8:00 pm comenzaron\u00a0a llegar los invitados a la presentaci\u00f3n\u00a0de la nueva colecci\u00f3n de Salvatore\u00a0Ferragamo Primavera\/Verano 2014.<br \/>\nA los socialites tapat\u00edos y los medios\u00a0m\u00e1s destacados de Guadalajara, Marisol\u00a0Monta\u00f1a RP de Salvatore Ferragamo\u00a0M\u00e9xico y Jose Luis Palancares director\u00a0comercial de Salvatore Ferragamo\u00a0Guadalajara dieron a conocer un poco\u00a0de la historia que hay detr\u00e1s de la inspiraci\u00f3n\u00a0que abarca a esta nueva colecci\u00f3n.<a href=\"http:\/\/gdlfashion.com\/wp-content\/uploads\/2014\/04\/GdlFashionAbril48.jpg\"><img loading=\"lazy\" decoding=\"async\" class=\"size-medium wp-image-5100 alignright\" alt=\"GdlFashionAbril48\" src=\"http:\/\/gdlfashion.com\/wp-content\/uploads\/2014\/04\/GdlFashionAbril48-300x200.jpg\" width=\"300\" height=\"200\" srcset=\"http:\/\/gdlfashion.com\/wp-content\/uploads\/2014\/04\/GdlFashionAbril48-300x200.jpg 300w, http:\/\/gdlfashion.com\/wp-content\/uploads\/2014\/04\/GdlFashionAbril48-1024x682.jpg 1024w, http:\/\/gdlfashion.com\/wp-content\/uploads\/2014\/04\/GdlFashionAbril48-82x55.jpg 82w\" sizes=\"(max-width: 300px) 100vw, 300px\" \/><\/a><br \/>\nEntre los puntos m\u00e1s importantes se mencion\u00f3 la\u00a0inspiraci\u00f3n de esta temporada que nace de la arquitectura\u00a0mexicana recordando a uno de los protagonistas\u00a0de esta durante el siglo XX, siendo el arquitecto Luis\u00a0Barrag\u00e1n y su aprendiz Miguel \u00c1ngel Aragon\u00e9s.<br \/>\nLa boutique se visti\u00f3 de colores como los coordinados\u00a0que visten a esta temporada en Ferragamo, el\u00a0rosa mexicano, naranja, azul y amarillo son colores\u00a0representativos que Luis Barrag\u00e1n utilizaba en sus\u00a0creaciones y siguiendo sus pasos actualmente el<br \/>\narquitecto Aragon\u00e9s bajo otros m\u00e9todos como en\u00a0iluminaci\u00f3n.<br \/>\nEl catering contaba con un delicioso men\u00fa\u00a0de canap\u00e9s que combinaba sabores como: tostaditas\u00a0de t\u00e1rtara de at\u00fan, brochetas de salm\u00f3n<br \/>\ncaramelizado, callo de hacha a la plancha en\u00a0nido de filo, ceviche vegetariano y de postre\u00a0tartaleta de frutos rojos y tiramis\u00fa.<br \/>\nAl comenzar el evento se present\u00f3 al catador\u00a0de mezcal Esteban Morales Garibi que\u00a0nos dio un recorrido entre Oaxaca y Michoac\u00e1n<br \/>\ncon el mezcal Derrumbes hecho con los\u00a0procesos m\u00e1s artesanales que hoy en d\u00eda se\u00a0conocen para crear el mezcal.<br \/>\nDurante la velada, cocteles con base de\u00a0mezcal se le entregaron a los invitados para\u00a0su degustaci\u00f3n, se escogieron tres cocteles<br \/>\npara la noche el primero llamado fuego\u00a0manzana con base de mezcal joven de San\u00a0Luis Potos\u00ed con manzana verde y un toquesito<br \/>\nde chille serrano, el segundo Pi\u00f1ata con\u00a0mezcal Oaxaque\u00f1o y pire fresco de pi\u00f1a con\u00a0chorrito de lim\u00f3n y taj\u00edn, el tercero Don Celerino<br \/>\ncon mezcal de Michoac\u00e1n apio, lim\u00f3n y perejil\u00a0y por \u00faltimo uno de los favoritos Frida con\u00a0mezcal joven de Jalisco bitter de jamaica y sandia.<\/p>\n<p>&nbsp;<\/p>\n<div id=\"fb-root\"><\/div>\n<p> <script>(function(d, s, id) { var js, fjs = d.getElementsByTagName(s)[0]; if (d.getElementById(id)) return; js = d.createElement(s); js.id = id; js.src = \"\/\/connect.facebook.net\/es_LA\/all.js#xfbml=1\"; fjs.parentNode.insertBefore(js, fjs); }(document, 'script', 'facebook-jssdk'));<\/script><\/p>\n<div class=\"fb-post\" data-href=\"https:\/\/www.facebook.com\/media\/set\/?set=a.639654212778212.1073742031.270492669694370&amp;type=1\" data-width=\"466\">\n<div class=\"fb-xfbml-parse-ignore\"><a href=\"https:\/\/www.facebook.com\/media\/set\/?set=a.639654212778212.1073742031.270492669694370&amp;type=1\">Publicaci\u00f3n<\/a> by <a href=\"https:\/\/www.facebook.com\/GdlFashion\">GdlFashion<\/a>.<\/div>\n<\/div>\n<p>&nbsp;<\/p>\n","protected":false},"excerpt":{"rendered":"<p>La boutique se visti\u00f3 de colores En punto de las 8:00 pm comenzaron\u00a0a llegar los invitados a la presentaci\u00f3n\u00a0de la&hellip;<\/p>\n","protected":false},"author":2,"featured_media":5101,"comment_status":"closed","ping_status":"closed","sticky":false,"template":"","format":"standard","meta":{"footnotes":""},"categories":[9],"tags":[],"_links":{"self":[{"href":"http:\/\/gdlfashion.com\/index.php?rest_route=\/wp\/v2\/posts\/5098"}],"collection":[{"href":"http:\/\/gdlfashion.com\/index.php?rest_route=\/wp\/v2\/posts"}],"about":[{"href":"http:\/\/gdlfashion.com\/index.php?rest_route=\/wp\/v2\/types\/post"}],"author":[{"embeddable":true,"href":"http:\/\/gdlfashion.com\/index.php?rest_route=\/wp\/v2\/users\/2"}],"replies":[{"embeddable":true,"href":"http:\/\/gdlfashion.com\/index.php?rest_route=%2Fwp%2Fv2%2Fcomments&post=5098"}],"version-history":[{"count":1,"href":"http:\/\/gdlfashion.com\/index.php?rest_route=\/wp\/v2\/posts\/5098\/revisions"}],"predecessor-version":[{"id":5102,"href":"http:\/\/gdlfashion.com\/index.php?rest_route=\/wp\/v2\/posts\/5098\/revisions\/5102"}],"wp:featuredmedia":[{"embeddable":true,"href":"http:\/\/gdlfashion.com\/index.php?rest_route=\/wp\/v2\/media\/5101"}],"wp:attachment":[{"href":"http:\/\/gdlfashion.com\/index.php?rest_route=%2Fwp%2Fv2%2Fmedia&parent=5098"}],"wp:term":[{"taxonomy":"category","embeddable":true,"href":"http:\/\/gdlfashion.com\/index.php?rest_route=%2Fwp%2Fv2%2Fcategories&post=5098"},{"taxonomy":"post_tag","embeddable":true,"href":"http:\/\/gdlfashion.com\/index.php?rest_route=%2Fwp%2Fv2%2Ftags&post=5098"}],"curies":[{"name":"wp","href":"https:\/\/api.w.org\/{rel}","templated":true}]}}