{"id":2923,"date":"2013-11-21T18:02:21","date_gmt":"2013-11-21T18:02:21","guid":{"rendered":"http:\/\/gdlfashion.com\/?p=2923"},"modified":"2013-11-21T18:16:44","modified_gmt":"2013-11-21T18:16:44","slug":"maserati-patrocinador-oficial-31o-festival-de-cine-de-turin","status":"publish","type":"post","link":"http:\/\/gdlfashion.com\/?p=2923","title":{"rendered":"Maserati patrocinador oficial 31\u00ba Festival de Cine de Turin"},"content":{"rendered":"<p><span style=\"color: #222222;\"><span style=\"font-family: Calibri;\"><span style=\"font-size: large;\"><b>MASERATI ES NUEVO PATROCINADOR PRINCIPAL\u00a0<\/b><\/span><\/span><\/span><span style=\"color: #222222;\"><span style=\"font-family: Calibri;\"><span style=\"font-size: large;\"><b>DEL 31<\/b><\/span><\/span><\/span><span style=\"color: #222222;\"><span style=\"font-family: arial, sans-serif;\"><span style=\"font-size: medium;\">\u00ba<\/span><\/span><\/span><span style=\"color: #222222;\"><span style=\"font-family: Calibri;\"><span style=\"font-size: large;\"><b> FESTIVAL DE CINE DE TURIN<\/b><\/span><\/span><\/span><\/p>\n\n\t\t<style type=\"text\/css\">\n\t\t\t#gallery-1 {\n\t\t\t\tmargin: auto;\n\t\t\t}\n\t\t\t#gallery-1 .gallery-item {\n\t\t\t\tfloat: left;\n\t\t\t\tmargin-top: 10px;\n\t\t\t\ttext-align: center;\n\t\t\t\twidth: 33%;\n\t\t\t}\n\t\t\t#gallery-1 img {\n\t\t\t\tborder: 2px solid #cfcfcf;\n\t\t\t}\n\t\t\t#gallery-1 .gallery-caption {\n\t\t\t\tmargin-left: 0;\n\t\t\t}\n\t\t\t\/* see gallery_shortcode() in wp-includes\/media.php *\/\n\t\t<\/style>\n\t\t<div id='gallery-1' class='gallery galleryid-2923 gallery-columns-3 gallery-size-thumbnail'><dl class='gallery-item'>\n\t\t\t<dt class='gallery-icon landscape'>\n\t\t\t\t<a href='http:\/\/gdlfashion.com\/?attachment_id=2924'><img loading=\"lazy\" decoding=\"async\" width=\"150\" height=\"150\" src=\"http:\/\/gdlfashion.com\/wp-content\/uploads\/2013\/11\/George_Clooney_3-150x150.jpg\" class=\"attachment-thumbnail size-thumbnail\" alt=\"\" srcset=\"http:\/\/gdlfashion.com\/wp-content\/uploads\/2013\/11\/George_Clooney_3-150x150.jpg 150w, http:\/\/gdlfashion.com\/wp-content\/uploads\/2013\/11\/George_Clooney_3-160x160.jpg 160w, http:\/\/gdlfashion.com\/wp-content\/uploads\/2013\/11\/George_Clooney_3-240x240.jpg 240w, http:\/\/gdlfashion.com\/wp-content\/uploads\/2013\/11\/George_Clooney_3-60x60.jpg 60w, http:\/\/gdlfashion.com\/wp-content\/uploads\/2013\/11\/George_Clooney_3-184x184.jpg 184w\" sizes=\"(max-width: 150px) 100vw, 150px\" \/><\/a>\n\t\t\t<\/dt><\/dl><dl class='gallery-item'>\n\t\t\t<dt class='gallery-icon landscape'>\n\t\t\t\t<a href='http:\/\/gdlfashion.com\/?attachment_id=2925'><img loading=\"lazy\" decoding=\"async\" width=\"150\" height=\"150\" src=\"http:\/\/gdlfashion.com\/wp-content\/uploads\/2013\/11\/sandra_bullock_02-150x150.jpg\" class=\"attachment-thumbnail size-thumbnail\" alt=\"\" srcset=\"http:\/\/gdlfashion.com\/wp-content\/uploads\/2013\/11\/sandra_bullock_02-150x150.jpg 150w, http:\/\/gdlfashion.com\/wp-content\/uploads\/2013\/11\/sandra_bullock_02-160x160.jpg 160w, http:\/\/gdlfashion.com\/wp-content\/uploads\/2013\/11\/sandra_bullock_02-240x240.jpg 240w, http:\/\/gdlfashion.com\/wp-content\/uploads\/2013\/11\/sandra_bullock_02-60x60.jpg 60w, http:\/\/gdlfashion.com\/wp-content\/uploads\/2013\/11\/sandra_bullock_02-184x184.jpg 184w\" sizes=\"(max-width: 150px) 100vw, 150px\" \/><\/a>\n\t\t\t<\/dt><\/dl><dl class='gallery-item'>\n\t\t\t<dt class='gallery-icon portrait'>\n\t\t\t\t<a href='http:\/\/gdlfashion.com\/?attachment_id=2926'><img loading=\"lazy\" decoding=\"async\" width=\"150\" height=\"150\" src=\"http:\/\/gdlfashion.com\/wp-content\/uploads\/2013\/11\/sandra_bullock_03-150x150.jpg\" class=\"attachment-thumbnail size-thumbnail\" alt=\"\" srcset=\"http:\/\/gdlfashion.com\/wp-content\/uploads\/2013\/11\/sandra_bullock_03-150x150.jpg 150w, http:\/\/gdlfashion.com\/wp-content\/uploads\/2013\/11\/sandra_bullock_03-160x160.jpg 160w, http:\/\/gdlfashion.com\/wp-content\/uploads\/2013\/11\/sandra_bullock_03-240x240.jpg 240w, http:\/\/gdlfashion.com\/wp-content\/uploads\/2013\/11\/sandra_bullock_03-60x60.jpg 60w, http:\/\/gdlfashion.com\/wp-content\/uploads\/2013\/11\/sandra_bullock_03-184x184.jpg 184w\" sizes=\"(max-width: 150px) 100vw, 150px\" \/><\/a>\n\t\t\t<\/dt><\/dl><br style=\"clear: both\" \/><dl class='gallery-item'>\n\t\t\t<dt class='gallery-icon landscape'>\n\t\t\t\t<a href='http:\/\/gdlfashion.com\/?attachment_id=2927'><img loading=\"lazy\" decoding=\"async\" width=\"150\" height=\"150\" src=\"http:\/\/gdlfashion.com\/wp-content\/uploads\/2013\/11\/Scarlett_Johansson_5-150x150.jpg\" class=\"attachment-thumbnail size-thumbnail\" alt=\"\" srcset=\"http:\/\/gdlfashion.com\/wp-content\/uploads\/2013\/11\/Scarlett_Johansson_5-150x150.jpg 150w, http:\/\/gdlfashion.com\/wp-content\/uploads\/2013\/11\/Scarlett_Johansson_5-160x160.jpg 160w, http:\/\/gdlfashion.com\/wp-content\/uploads\/2013\/11\/Scarlett_Johansson_5-240x240.jpg 240w, http:\/\/gdlfashion.com\/wp-content\/uploads\/2013\/11\/Scarlett_Johansson_5-60x60.jpg 60w, http:\/\/gdlfashion.com\/wp-content\/uploads\/2013\/11\/Scarlett_Johansson_5-184x184.jpg 184w\" sizes=\"(max-width: 150px) 100vw, 150px\" \/><\/a>\n\t\t\t<\/dt><\/dl><dl class='gallery-item'>\n\t\t\t<dt class='gallery-icon landscape'>\n\t\t\t\t<a href='http:\/\/gdlfashion.com\/?attachment_id=2928'><img loading=\"lazy\" decoding=\"async\" width=\"150\" height=\"150\" src=\"http:\/\/gdlfashion.com\/wp-content\/uploads\/2013\/11\/Scarlett_Johansson_9338-150x150.jpg\" class=\"attachment-thumbnail size-thumbnail\" alt=\"\" srcset=\"http:\/\/gdlfashion.com\/wp-content\/uploads\/2013\/11\/Scarlett_Johansson_9338-150x150.jpg 150w, http:\/\/gdlfashion.com\/wp-content\/uploads\/2013\/11\/Scarlett_Johansson_9338-160x160.jpg 160w, http:\/\/gdlfashion.com\/wp-content\/uploads\/2013\/11\/Scarlett_Johansson_9338-240x240.jpg 240w, http:\/\/gdlfashion.com\/wp-content\/uploads\/2013\/11\/Scarlett_Johansson_9338-60x60.jpg 60w, http:\/\/gdlfashion.com\/wp-content\/uploads\/2013\/11\/Scarlett_Johansson_9338-184x184.jpg 184w\" sizes=\"(max-width: 150px) 100vw, 150px\" \/><\/a>\n\t\t\t<\/dt><\/dl>\n\t\t\t<br style='clear: both' \/>\n\t\t<\/div>\n\n<p>&nbsp;<\/p>\n<pre><span style=\"color: #222222;\"><span style=\"font-family: Calibri;\"><span style=\"font-size: medium;\">La asociaci\u00f3n entre Maserati y el mundo del cine contin\u00faa. La Casa del Tridente confirma su participaci\u00f3n como patrocinador oficial del Festival de Cine de Tur\u00edn 31<\/span><\/span><\/span><span style=\"color: #222222;\"><span style=\"font-family: arial, sans-serif;\"><span>\u00ba<\/span><\/span><\/span><span style=\"color: #222222;\"><span style=\"font-family: Calibri;\"><span style=\"font-size: medium;\"> que tendr\u00e1 lugar del 22 al 30 noviembre de 2013, despu\u00e9s de que el debut como patrocinador principal del Festival Internacional de Cine de Venecia 70 <\/span><\/span><\/span><span style=\"color: #222222;\"><span style=\"font-family: Calibri;\">\u00aa.<\/span><\/span><\/pre>\n<p><span style=\"color: #222222;\"><span style=\"font-family: Calibri;\"><span style=\"font-size: medium;\">Mediante el patrocinio del \u201cTorino Film Festival 31<\/span><\/span><span style=\"font-family: arial, sans-serif;\"><span style=\"font-size: medium;\">\u00ba<\/span><\/span><span style=\"font-family: Calibri;\"><span style=\"font-size: medium;\">\u201d, Maserati consolida su relaci\u00f3n hist\u00f3rica con el mundo del cine, que comenz\u00f3 con \u00abCronaca di un amore\u00bb (Historia de un amor), la pel\u00edcula de 1950 dirigida por Michelangelo Antonioni. Protagonistas de la pel\u00edcula eran la maravillosa Lucia Bose y un igualmente elegante Maserati A6 1500, el primer gran turismo de la Casa del Tridente.<br \/>\n<\/span><\/span><\/span><span style=\"color: #222222;\"><span style=\"font-family: Calibri;\">A pocos meses del inicio de los festejos por su centenario, Maserati es una empresa en r\u00e1pida expansi\u00f3n. Con presencia en 65 mercados en todo el mundo, su papel est\u00e1 claramente confirmado como embajador internacional de la excelencia italiana. Esta excelencia se transmite todos los d\u00edas con pasi\u00f3n a trav\u00e9s de productos de gran encanto y un rendimiento excepcional se ve en el nuevo Quattroporte y Ghibli que acompa\u00f1ar\u00e1 a los invitados VIP del<\/span><\/span><span style=\"color: #222222;\"><sup><span style=\"font-family: Calibri;\"> \u201c<\/span><\/sup><\/span><span style=\"color: #222222;\"><span style=\"font-family: Calibri;\">Festival de Cine de Tur\u00edn 31<\/span><\/span><span style=\"color: #222222;\"><span style=\"font-family: arial, sans-serif;\"><span style=\"font-size: medium;\">\u00ba<\/span><\/span><\/span><span style=\"color: #222222;\"><span style=\"font-family: Calibri;\">.\u201d<\/span><\/span><\/p>\n<pre><span style=\"color: #222222;\"><span style=\"font-family: Calibri;\">Notas y fotos: Getty Images<\/span><\/span><\/pre>\n","protected":false},"excerpt":{"rendered":"<p>MASERATI ES NUEVO PATROCINADOR PRINCIPAL\u00a0DEL 31\u00ba FESTIVAL DE CINE DE TURIN &nbsp; La asociaci\u00f3n entre Maserati y el mundo del&hellip;<\/p>\n","protected":false},"author":2,"featured_media":2927,"comment_status":"closed","ping_status":"closed","sticky":false,"template":"","format":"standard","meta":{"footnotes":""},"categories":[9,1],"tags":[],"_links":{"self":[{"href":"http:\/\/gdlfashion.com\/index.php?rest_route=\/wp\/v2\/posts\/2923"}],"collection":[{"href":"http:\/\/gdlfashion.com\/index.php?rest_route=\/wp\/v2\/posts"}],"about":[{"href":"http:\/\/gdlfashion.com\/index.php?rest_route=\/wp\/v2\/types\/post"}],"author":[{"embeddable":true,"href":"http:\/\/gdlfashion.com\/index.php?rest_route=\/wp\/v2\/users\/2"}],"replies":[{"embeddable":true,"href":"http:\/\/gdlfashion.com\/index.php?rest_route=%2Fwp%2Fv2%2Fcomments&post=2923"}],"version-history":[{"count":2,"href":"http:\/\/gdlfashion.com\/index.php?rest_route=\/wp\/v2\/posts\/2923\/revisions"}],"predecessor-version":[{"id":2930,"href":"http:\/\/gdlfashion.com\/index.php?rest_route=\/wp\/v2\/posts\/2923\/revisions\/2930"}],"wp:featuredmedia":[{"embeddable":true,"href":"http:\/\/gdlfashion.com\/index.php?rest_route=\/wp\/v2\/media\/2927"}],"wp:attachment":[{"href":"http:\/\/gdlfashion.com\/index.php?rest_route=%2Fwp%2Fv2%2Fmedia&parent=2923"}],"wp:term":[{"taxonomy":"category","embeddable":true,"href":"http:\/\/gdlfashion.com\/index.php?rest_route=%2Fwp%2Fv2%2Fcategories&post=2923"},{"taxonomy":"post_tag","embeddable":true,"href":"http:\/\/gdlfashion.com\/index.php?rest_route=%2Fwp%2Fv2%2Ftags&post=2923"}],"curies":[{"name":"wp","href":"https:\/\/api.w.org\/{rel}","templated":true}]}}