{"id":2916,"date":"2013-11-19T16:48:19","date_gmt":"2013-11-19T16:48:19","guid":{"rendered":"http:\/\/gdlfashion.com\/?p=2916"},"modified":"2013-11-19T16:53:36","modified_gmt":"2013-11-19T16:53:36","slug":"el-regreso-de-madame-chanel","status":"publish","type":"post","link":"http:\/\/gdlfashion.com\/?p=2916","title":{"rendered":"El regreso de Madame Chanel"},"content":{"rendered":"<h3>Karl Lagerfeld presenta nueva producci\u00f3n filmogr\u00e1fica, una recreaci\u00f3n de la vida de la couturi\u00e8re en los a\u00f1os 50.<\/h3>\n<p>30 minutos cuentan la historia de\u00a0<a href=\"http:\/\/www.vogue.mx\/articulos\/las-frases-de-un-icono-de-la-moda\/1920\">Coco Chanel<\/a>\u00a0en su\u00a0<strong>regreso a la escena de la moda en los a\u00f1os 50.\u00a0<\/strong><a href=\"http:\/\/www.vogue.mx\/articulos\/karl-goes-punk-coleccion-de-karl-lagerfeld-para-net-a-porter\/2888\">Karl Lagerfeld<\/a>\u00a0recrea el l<strong>egendario estudio en 31 Rue Cambon\u00a0<\/strong>y la\u00a0<strong>m\u00edtica escalera con espejos<\/strong>\u00a0que fungi\u00f3 de escenario y marc\u00f3 el\u00a0<em>comeback\u00a0<\/em>de la\u00a0<em>couturi\u00e8re\u00a0<\/em>en 1954, en su nueva producci\u00f3n \u201c<strong><em>The Return\u201d<\/em><\/strong>.<\/p>\n<p>El filme gira en torno a la presentaci\u00f3n de una colecci\u00f3n que fue mal recibida en Francia pero tuvo un gran \u00e9xito en Norte Am\u00e9rica \u2018<em>La prensa francesa fue m\u00e1s que horrible con ella<\/em>\u2019, explica\u00a0<a href=\"http:\/\/www.vogue.mx\/articulos\/exhibicion-the-little-black-jacket-de-karl-lagerfeld-en-el-oca-parque-ibirapuera-sao-paulo-brasil\/2871\">el K\u00e1iser<\/a>. S\u00f3lo una persona fue capaz de aplaudir el talento de\u00a0<a href=\"http:\/\/www.vogue.mx\/desfiles\/otono-invierno-2013-paris-chanel\/6860\">Chanel<\/a>, la editorial de<strong>\u00a0Vogue US, Bettina Ballard,<\/strong>\u00a0interpretada por\u00a0<strong>Lady Amanda Harlech<\/strong>.\u00a0<em>\u2018Fue Am\u00e9rica qui\u00e9n la redescubri\u00f3, as\u00ed que esto es un agradecimiento<\/em>\u2019, coment\u00f3\u00a0<a href=\"http:\/\/www.vogue.mx\/articulos\/cara-delevingne-protagoniza-nuevo-cortometraje-de-karl-lagerfeld-fendi-invito-pericoloso\/2800\">Lagerfeld<\/a>.<\/p>\n<p><strong>G\u00e9raldine Chaplin<\/strong>\u00a0da vida a\u00a0<a href=\"http:\/\/www.vogue.mx\/articulos\/exhibicion-coco-chanel-retratos-por-marion-pike-fashion-space-gallery-londres\/2690\">Gabrielle Chanel<\/a>, y una mezcla de actores profesionales, modelos y miembros reales del equipo de\u00a0<a href=\"http:\/\/www.vogue.mx\/desfiles\/otono-invierno-2013-paris-chanel\/6860\">la<\/a><em><a href=\"http:\/\/www.vogue.mx\/desfiles\/otono-invierno-2013-paris-chanel\/6860\">\u00a0maison<\/a><\/em>, forman un\u00a0<strong>elenco impecable<\/strong>\u00a0que relata la triunfante historia del \u00edcono que revolucion\u00f3 el mundo de la moda.<\/p>\n<p>Esta producci\u00f3n ser\u00e1 presentada previa al desfile de su colecci\u00f3n<em><strong>\u00a0Paris- Dallas M\u00e9tiers d\u00b4Art<\/strong><\/em>, el 10 de diciembre, en la ciudad Tejana.<\/p>\n<p>V\u00eda: Vogue<\/p>\n","protected":false},"excerpt":{"rendered":"<p>Karl Lagerfeld presenta nueva producci\u00f3n filmogr\u00e1fica, una recreaci\u00f3n de la vida de la couturi\u00e8re en los a\u00f1os 50. 30 minutos&hellip;<\/p>\n","protected":false},"author":2,"featured_media":2918,"comment_status":"closed","ping_status":"closed","sticky":false,"template":"","format":"video","meta":{"footnotes":""},"categories":[8],"tags":[66,65,67,19,36,20,68],"_links":{"self":[{"href":"http:\/\/gdlfashion.com\/index.php?rest_route=\/wp\/v2\/posts\/2916"}],"collection":[{"href":"http:\/\/gdlfashion.com\/index.php?rest_route=\/wp\/v2\/posts"}],"about":[{"href":"http:\/\/gdlfashion.com\/index.php?rest_route=\/wp\/v2\/types\/post"}],"author":[{"embeddable":true,"href":"http:\/\/gdlfashion.com\/index.php?rest_route=\/wp\/v2\/users\/2"}],"replies":[{"embeddable":true,"href":"http:\/\/gdlfashion.com\/index.php?rest_route=%2Fwp%2Fv2%2Fcomments&post=2916"}],"version-history":[{"count":1,"href":"http:\/\/gdlfashion.com\/index.php?rest_route=\/wp\/v2\/posts\/2916\/revisions"}],"predecessor-version":[{"id":2917,"href":"http:\/\/gdlfashion.com\/index.php?rest_route=\/wp\/v2\/posts\/2916\/revisions\/2917"}],"wp:featuredmedia":[{"embeddable":true,"href":"http:\/\/gdlfashion.com\/index.php?rest_route=\/wp\/v2\/media\/2918"}],"wp:attachment":[{"href":"http:\/\/gdlfashion.com\/index.php?rest_route=%2Fwp%2Fv2%2Fmedia&parent=2916"}],"wp:term":[{"taxonomy":"category","embeddable":true,"href":"http:\/\/gdlfashion.com\/index.php?rest_route=%2Fwp%2Fv2%2Fcategories&post=2916"},{"taxonomy":"post_tag","embeddable":true,"href":"http:\/\/gdlfashion.com\/index.php?rest_route=%2Fwp%2Fv2%2Ftags&post=2916"}],"curies":[{"name":"wp","href":"https:\/\/api.w.org\/{rel}","templated":true}]}}