{"id":22550,"date":"2026-01-20T16:17:10","date_gmt":"2026-01-20T16:17:10","guid":{"rendered":"https:\/\/gdlfashion.com\/?p=22550"},"modified":"2026-01-24T16:25:27","modified_gmt":"2026-01-24T16:25:27","slug":"intermoda-edicion-84","status":"publish","type":"post","link":"http:\/\/gdlfashion.com\/?p=22550","title":{"rendered":"Intermoda edici\u00f3n 84"},"content":{"rendered":"\n<h3 class=\"wp-block-heading\"><strong>Inaugura #IM84 como plataforma l\u00edder de negocios de moda en Latinoam\u00e9rica<\/strong><\/h3>\n\n\n\n<p>Este martes 20 de enero, <strong>Intermoda<\/strong> dio inicio con las actividades que forman parte de su edici\u00f3n n\u00famero 84, consolid\u00e1ndose como el principal punto de encuentro para la profesionalizaci\u00f3n y negocios de moda en Latinoam\u00e9rica.<\/p>\n\n\n\n<p>Con 42 a\u00f1os de experiencia, el evento contin\u00faa siendo un motor de innovaci\u00f3n y crecimiento comercial para la cadena de valor de la industria, y que se representa fielmente en su lema: <em>\u201c<strong>Sabemos de moda, hacemos negocios<\/strong>\u201d<\/em>.<\/p>\n\n\n\n<p>El evento protocolario inaugural ocurri\u00f3 en punto de las 10:00 horas en el \u00e1rea Trend Zone, en el Segundo piso de Expo Guadalajara, con la presencia de autoridades del Gobierno Estatal, principales representantes de la industria del vestido e invitados especiales.&nbsp;<\/p>\n\n\n<div class=\"wp-block-image\">\n<figure class=\"alignright size-large is-resized\"><a href=\"https:\/\/gdlfashion.com\/wp-content\/uploads\/2026\/01\/JBG2835baja.jpg\"><img loading=\"lazy\" decoding=\"async\" width=\"1024\" height=\"683\" src=\"https:\/\/gdlfashion.com\/wp-content\/uploads\/2026\/01\/JBG2835baja-1024x683.jpg\" alt=\"\" class=\"wp-image-22553\" style=\"width:452px;height:auto\" srcset=\"http:\/\/gdlfashion.com\/wp-content\/uploads\/2026\/01\/JBG2835baja-1024x683.jpg 1024w, http:\/\/gdlfashion.com\/wp-content\/uploads\/2026\/01\/JBG2835baja-300x200.jpg 300w, http:\/\/gdlfashion.com\/wp-content\/uploads\/2026\/01\/JBG2835baja-768x512.jpg 768w, http:\/\/gdlfashion.com\/wp-content\/uploads\/2026\/01\/JBG2835baja.jpg 1200w\" sizes=\"(max-width: 1024px) 100vw, 1024px\" \/><\/a><\/figure><\/div>\n\n\n<p><strong>Jorge Castellanos<\/strong>, Presidente Intermoda durante su participaci\u00f3n declar\u00f3 \u201cNos complace anunciar la alianza con el programa&nbsp; Hecho en M\u00e9xico, impulsado por la Secretar\u00eda de Econom\u00eda. Gracias a esta colaboraci\u00f3n, los expositores con productos&nbsp; fabricados o ensamblados en nuestro pa\u00eds podr\u00e1n utilizar el&nbsp; distintivo oficial que acredita su origen, fortaleciendo la identidad, la competitividad y el orgullo por lo hecho en M\u00e9xico.&nbsp;<\/p>\n\n\n\n<p>Otra alianza que nos llena de entusiasmo es la que realizamos con&nbsp; ELLE M\u00e9xico, una de las plataformas editoriales de moda m\u00e1s&nbsp; influyentes, con el objetivo de fortalecer y potenciar la visibilidad del&nbsp; Pabell\u00f3n Trending, un espacio dedicado al dise\u00f1o de autor, que re\u00fane propuestas creativas, marcas con identidad y proyectos que&nbsp; construyen nuevas narrativas dentro de la moda contempor\u00e1nea de M\u00e9xico y Latinoam\u00e9rica\u201d.&nbsp;<\/p>\n\n\n\n<p><strong>Alberto Esquer Guti\u00e9rrez, <\/strong>Jefe del Gabinete del Gobierno de Jalisco&nbsp; en representaci\u00f3n del Gobernador de Jalisco Pablo LemusNavarro se\u00f1al\u00f3 \u201cIntermoda 84 se consolida como una industria estrat\u00e9gica para el desarrollo econ\u00f3mico de Jalisco, al impulsar la generaci\u00f3n de empleo, fortalecer las cadenas productivas y abrir oportunidades de negocio a nivel nacional e internacional, posicionando a la moda como un motor real de crecimiento y competitividad.<\/p>\n\n\n<div class=\"wp-block-image\">\n<figure class=\"alignleft size-full is-resized\"><a href=\"https:\/\/gdlfashion.com\/wp-content\/uploads\/2026\/01\/SV_1268baja.jpg\"><img loading=\"lazy\" decoding=\"async\" width=\"614\" height=\"922\" src=\"https:\/\/gdlfashion.com\/wp-content\/uploads\/2026\/01\/SV_1268baja.jpg\" alt=\"\" class=\"wp-image-22554\" style=\"width:326px;height:auto\" srcset=\"http:\/\/gdlfashion.com\/wp-content\/uploads\/2026\/01\/SV_1268baja.jpg 614w, http:\/\/gdlfashion.com\/wp-content\/uploads\/2026\/01\/SV_1268baja-200x300.jpg 200w\" sizes=\"(max-width: 614px) 100vw, 614px\" \/><\/a><\/figure><\/div>\n\n\n<p>El Gobierno de Jalisco, encabezado por el Gobernador Pablo Lemus Navarro, refrenda su compromiso con la innovaci\u00f3n productiva, impulsando al talento creativo y al sector empresarial como una v\u00eda concreta para generar empleo, fortalecer empresas y consolidar a Jalisco como referente de desarrollo e innovaci\u00f3n\u201d<\/p>\n\n\n\n<p><strong>Jaime Uribe, director general de Contenido Nacional y Fomento al Sector Energ\u00e9tico de la Secretar\u00eda de Econom\u00eda <\/strong>entreg\u00f3 a Intermoda el certificado Hecho en M\u00e9xico, quien mencion\u00f3 que:&nbsp;<\/p>\n\n\n\n<p>\u201cPara nosotros entregar el certificado a Intermoda, Hecho en M\u00e9xico, es esta gran potencialidad y posibilidad de pensar que Intermoda en cinco a\u00f1os estar\u00e1 evidentemente a la vanguardia del mundo, porque lo dec\u00edamos, las crisis permiten generar oportunidades, y me parece que el panorama est\u00e1 lleno de oportunidades para quien la sabe leer. Por eso, para el Gobierno de M\u00e9xico, para la Presidenta de M\u00e9xico; para el secretario Marcelo Ebrard, es un honor poder entregar este certificado, en este a\u00f1o tan importante, 20 de enero de 2026. Es un honor entregarte, Jorge, a nombre del Gobierno de M\u00e9xico, \u201cHecho en M\u00e9xico\u201d.&nbsp;<\/p>\n\n\n\n<p>Tambi\u00e9n, durante la ceremonia inaugural, se firm\u00f3 un convenio de colaboraci\u00f3n con la Universidad de Guadalajara con Intermoda, con el cual se prev\u00e9 que j\u00f3venes universitarios puedan hacer pr\u00e1cticas profesionales, en carreras afines a la industria. Tambi\u00e9n, el convenio prev\u00e9 hacer estudios y proyectos de investigaci\u00f3n aplicada, transferencia tecnol\u00f3gica, de conocimientos; para as\u00ed, seguir contribuyendo a la acci\u00f3n social y el bienestar compartido.&nbsp;<\/p>\n\n\n<div class=\"wp-block-image\">\n<figure class=\"alignright size-large is-resized\"><a href=\"https:\/\/gdlfashion.com\/wp-content\/uploads\/2026\/01\/JBG3067baja.jpg\"><img loading=\"lazy\" decoding=\"async\" width=\"1024\" height=\"683\" src=\"https:\/\/gdlfashion.com\/wp-content\/uploads\/2026\/01\/JBG3067baja-1024x683.jpg\" alt=\"\" class=\"wp-image-22555\" style=\"width:447px;height:auto\" srcset=\"http:\/\/gdlfashion.com\/wp-content\/uploads\/2026\/01\/JBG3067baja-1024x683.jpg 1024w, http:\/\/gdlfashion.com\/wp-content\/uploads\/2026\/01\/JBG3067baja-300x200.jpg 300w, http:\/\/gdlfashion.com\/wp-content\/uploads\/2026\/01\/JBG3067baja-768x512.jpg 768w, http:\/\/gdlfashion.com\/wp-content\/uploads\/2026\/01\/JBG3067baja.jpg 1200w\" sizes=\"(max-width: 1024px) 100vw, 1024px\" \/><\/a><\/figure><\/div>\n\n\n<p><strong>Luis Gustavo Padilla Montes, Coordinador General de Vinculaci\u00f3n de la Universidad de Guadalajara<\/strong>, mencion\u00f3 a qu\u00e9:&nbsp;\u201cEs un&nbsp; gran honor que nos hayan dado la oportunidad, una vez m\u00e1s,&nbsp; a la Universidad de Guadalajara de participar en este acto inaugural, de la edici\u00f3n n\u00famero 84 de Intermoda; la exposici\u00f3n de moda y negocios, sin lugar a duda, m\u00e1s importante de Jalisco, M\u00e9xico y Latinoam\u00e9rica.<\/p>\n\n\n\n<p>Tambi\u00e9n, en el Presidium del acto protocolario de inauguraci\u00f3n, se cont\u00f3 con la presencia de:&nbsp;<\/p>\n\n\n\n<ul>\n<li><strong>Abraham Daniel Zaga, <\/strong>Vicepresidente de la C\u00e1mara Nacional de la Industria del Vestido.&nbsp;<\/li>\n\n\n\n<li><strong>Jaime Pedroza Hern\u00e1ndez, <\/strong>Presidente de la C\u00e1mara de la Industria del Vestido Delegaci\u00f3n Jalisco<\/li>\n\n\n\n<li><strong>Antonio Lancaster-Jones Gonz\u00e1lez,<\/strong> Coordinador de Industriales de Jalisco<\/li>\n\n\n\n<li><strong>Jos\u00e9 Andr\u00e9s Orend\u00e1in de Obeso,<\/strong> Presidente del Comit\u00e9 T\u00e9cnico de Expo Guadalajara<\/li>\n\n\n\n<li><strong>Laura Romero Zueck, <\/strong>Encargada de la Direcci\u00f3n General de Comercio Exterior de Jalisco<\/li>\n\n\n\n<li><strong>Mireille Acquart, <\/strong>Fundadora y Directora General Ethical Fashion Space<\/li>\n<\/ul>\n\n\n\n<p>Al termino del protocolo se present\u00f3 en Fashion Space la pasarela inaugural \u201c<strong>Claudio Vol. I\u201d una propuesta del dise\u00f1ador Iv\u00e1n Avalos.<\/strong><\/p>\n\n\n\n<figure class=\"wp-block-gallery has-nested-images columns-default is-cropped wp-block-gallery-1 is-layout-flex wp-block-gallery-is-layout-flex\">\n<figure class=\"wp-block-image size-large\"><a href=\"https:\/\/gdlfashion.com\/wp-content\/uploads\/2026\/01\/baja2.jpg\"><img loading=\"lazy\" decoding=\"async\" width=\"328\" height=\"410\" data-id=\"22558\" src=\"https:\/\/gdlfashion.com\/wp-content\/uploads\/2026\/01\/baja2.jpg\" alt=\"\" class=\"wp-image-22558\" srcset=\"http:\/\/gdlfashion.com\/wp-content\/uploads\/2026\/01\/baja2.jpg 328w, http:\/\/gdlfashion.com\/wp-content\/uploads\/2026\/01\/baja2-240x300.jpg 240w\" sizes=\"(max-width: 328px) 100vw, 328px\" \/><\/a><\/figure>\n\n\n\n<figure class=\"wp-block-image size-large\"><a href=\"https:\/\/gdlfashion.com\/wp-content\/uploads\/2026\/01\/baja02.jpg\"><img loading=\"lazy\" decoding=\"async\" width=\"582\" height=\"727\" data-id=\"22560\" src=\"https:\/\/gdlfashion.com\/wp-content\/uploads\/2026\/01\/baja02.jpg\" alt=\"\" class=\"wp-image-22560\" srcset=\"http:\/\/gdlfashion.com\/wp-content\/uploads\/2026\/01\/baja02.jpg 582w, http:\/\/gdlfashion.com\/wp-content\/uploads\/2026\/01\/baja02-240x300.jpg 240w\" sizes=\"(max-width: 582px) 100vw, 582px\" \/><\/a><\/figure>\n\n\n\n<figure class=\"wp-block-image size-large\"><a href=\"https:\/\/gdlfashion.com\/wp-content\/uploads\/2026\/01\/IVAN-AVALOS-PASARELA01.jpg\"><img loading=\"lazy\" decoding=\"async\" width=\"328\" height=\"410\" data-id=\"22559\" src=\"https:\/\/gdlfashion.com\/wp-content\/uploads\/2026\/01\/IVAN-AVALOS-PASARELA01.jpg\" alt=\"\" class=\"wp-image-22559\" srcset=\"http:\/\/gdlfashion.com\/wp-content\/uploads\/2026\/01\/IVAN-AVALOS-PASARELA01.jpg 328w, http:\/\/gdlfashion.com\/wp-content\/uploads\/2026\/01\/IVAN-AVALOS-PASARELA01-240x300.jpg 240w\" sizes=\"(max-width: 328px) 100vw, 328px\" \/><\/a><\/figure>\n<\/figure>\n\n\n\n<p>La pasarela, en palabras del dise\u00f1ador, \u201ces una carta de amor, de perd\u00f3n, de resiliencia, de un coraz\u00f3n que se mantiene de recuerdos.<\/p>\n\n\n\n<p>Una carta dirigida a los \u00e1ngeles que nos vigilan, al que nos sonr\u00ede con su sombrero tejido y vestido de lunares, tan puro, tan especial, rodeada de peque\u00f1os que nos vigilan en esta inmensidad.<\/p>\n\n\n\n<p>Claudio es una colecci\u00f3n hecha con el alma, jugando con nuestros personajes Aston e Yzma, con vol\u00famenes, texturas y siluetas controversiales, pensando en nuestra mujer Iv\u00e1n \u00c1valos dando el SI al gran amor de su vida. 50 looks de esta colecci\u00f3n que muestran su coraz\u00f3n, su vulnerabilidad, el miedo, la timidez de una novia que camina hacia el altar, de una mujer que decide atreverse a ser \u00fanica.<\/p>\n\n\n\n<p>Una mujer fuerte en una silueta extra grande, delicada como un ave, pero divertida e irreverente. Claudio nos muestra el amor, el dolor, la muerte y es un tributo, un homenaje a ti, a la mujer de nuestra vida, a ti, Eduviges\u201d.&nbsp;<\/p>\n\n\n\n<p><br>Para asistir y consultar el programa de actividades, visita: <a href=\"https:\/\/intermoda.com.mx\/\">https:\/\/intermoda.com.mx\/<\/a><\/p>\n","protected":false},"excerpt":{"rendered":"<p>Inaugura #IM84 como plataforma l\u00edder de negocios de moda en Latinoam\u00e9rica Este martes 20 de enero, Intermoda dio inicio con&hellip;<\/p>\n","protected":false},"author":2,"featured_media":22556,"comment_status":"open","ping_status":"closed","sticky":false,"template":"","format":"standard","meta":{"footnotes":""},"categories":[412,417,9,415,414,3],"tags":[],"_links":{"self":[{"href":"http:\/\/gdlfashion.com\/index.php?rest_route=\/wp\/v2\/posts\/22550"}],"collection":[{"href":"http:\/\/gdlfashion.com\/index.php?rest_route=\/wp\/v2\/posts"}],"about":[{"href":"http:\/\/gdlfashion.com\/index.php?rest_route=\/wp\/v2\/types\/post"}],"author":[{"embeddable":true,"href":"http:\/\/gdlfashion.com\/index.php?rest_route=\/wp\/v2\/users\/2"}],"replies":[{"embeddable":true,"href":"http:\/\/gdlfashion.com\/index.php?rest_route=%2Fwp%2Fv2%2Fcomments&post=22550"}],"version-history":[{"count":2,"href":"http:\/\/gdlfashion.com\/index.php?rest_route=\/wp\/v2\/posts\/22550\/revisions"}],"predecessor-version":[{"id":22561,"href":"http:\/\/gdlfashion.com\/index.php?rest_route=\/wp\/v2\/posts\/22550\/revisions\/22561"}],"wp:featuredmedia":[{"embeddable":true,"href":"http:\/\/gdlfashion.com\/index.php?rest_route=\/wp\/v2\/media\/22556"}],"wp:attachment":[{"href":"http:\/\/gdlfashion.com\/index.php?rest_route=%2Fwp%2Fv2%2Fmedia&parent=22550"}],"wp:term":[{"taxonomy":"category","embeddable":true,"href":"http:\/\/gdlfashion.com\/index.php?rest_route=%2Fwp%2Fv2%2Fcategories&post=22550"},{"taxonomy":"post_tag","embeddable":true,"href":"http:\/\/gdlfashion.com\/index.php?rest_route=%2Fwp%2Fv2%2Ftags&post=22550"}],"curies":[{"name":"wp","href":"https:\/\/api.w.org\/{rel}","templated":true}]}}