{"id":19215,"date":"2024-02-02T15:46:34","date_gmt":"2024-02-02T15:46:34","guid":{"rendered":"http:\/\/gdlfashion.com\/?p=19215"},"modified":"2024-02-02T15:46:34","modified_gmt":"2024-02-02T15:46:34","slug":"feria-industrial-de-jalisco","status":"publish","type":"post","link":"http:\/\/gdlfashion.com\/?p=19215","title":{"rendered":"Feria Industrial de Jalisco"},"content":{"rendered":"\n<h3 class=\"wp-block-heading\">\u00a0<strong>Expo Guadalajara presenta su primer evento propio, la exposici\u00f3n que revolucionar\u00e1 la industria de Jalisco.\u00a0<\/strong> #FEINJAL<\/h3>\n\n\n\n<p>&nbsp;La espera termin\u00f3, Expo Guadalajara anuncia el nombre y fechas de su primer evento propio.&nbsp;<\/p>\n\n\n\n<p>Guadalajara, Jalisco, a 1 de febrero del 2024.\u00a0<\/p>\n\n\n\n<p>Expo Guadalajara realiz\u00f3 la presentaci\u00f3n de su primer evento propio, en un c\u00f3ctel exclusivo celebrado el 1 de febrero de 2024, en donde se dieron cita m\u00e1s de 300 asistentes entre empresarios, inversionistas, representantes de c\u00e1maras industriales, gobierno e invitados especiales.\u00a0<\/p>\n\n\n\n<p>Ante la presencia del Mtro. Luis Roberto Arechederra Pacheco. Secretario de Desarrollo Econ\u00f3mico, en Representaci\u00f3n del Gobernador Constitucional de Jalisco, Ing. Enrique Alfaro Ram\u00edrez, el Lic. \u00c1lvaro Azpeitia Covarrubias. Vicecoordinador de Industriales Jalisco e invitados especiales como el Jefe de Gabinete del Estado de Jalisco, el Coordinador General Estrat\u00e9gico de Crecimiento y Desarrollo Econ\u00f3mico de Jalisco, secretar\u00edas del estado, presidentes municipales, directores municipales, representantes de la Universidad de Guadalajara, consulados, c\u00fapulas empresariales, presidentes de comit\u00e9s, asociaciones y directores de turismo; el Presidente del Comit\u00e9 T\u00e9cnico de Expo Guadalajara, Ing. Luis Isa\u00edas Salazar Ram\u00edrez, anunci\u00f3 el nombre del evento que inaugurar\u00e1 la nueva etapa del recinto como comit\u00e9 organizador.\u00a0<\/p>\n\n\n\n<figure class=\"wp-block-image size-large is-resized\"><a href=\"http:\/\/gdlfashion.com\/wp-content\/uploads\/2024\/02\/MG_8915.png\"><img loading=\"lazy\" decoding=\"async\" width=\"1024\" height=\"576\" src=\"http:\/\/gdlfashion.com\/wp-content\/uploads\/2024\/02\/MG_8915-1024x576.png\" alt=\"\" class=\"wp-image-19217\" style=\"width:490px;height:auto\" srcset=\"http:\/\/gdlfashion.com\/wp-content\/uploads\/2024\/02\/MG_8915-1024x576.png 1024w, http:\/\/gdlfashion.com\/wp-content\/uploads\/2024\/02\/MG_8915-300x169.png 300w, http:\/\/gdlfashion.com\/wp-content\/uploads\/2024\/02\/MG_8915-768x432.png 768w, http:\/\/gdlfashion.com\/wp-content\/uploads\/2024\/02\/MG_8915-1536x864.png 1536w, http:\/\/gdlfashion.com\/wp-content\/uploads\/2024\/02\/MG_8915-1140x641.png 1140w, http:\/\/gdlfashion.com\/wp-content\/uploads\/2024\/02\/MG_8915-720x405.png 720w, http:\/\/gdlfashion.com\/wp-content\/uploads\/2024\/02\/MG_8915.png 1920w\" sizes=\"(max-width: 1024px) 100vw, 1024px\" \/><\/a><\/figure>\n\n\n\n<p>\u201c<em>FEINJAL es una celebraci\u00f3n de Jalisco en toda su grandeza. Es un evento que proyectar\u00e1 al mundo las fortalezas y la diversidad de nuestras industrias. Un punto de encuentro que impulsar\u00e1 el crecimiento entre las empresas l\u00edderes del estado en colaboraci\u00f3n con compa\u00f1\u00edas internacionales a trav\u00e9s del Nearshoring<\/em>\u201d. As\u00ed lo se\u00f1al\u00f3 el presidente al inicio de la gala.&nbsp;<\/p>\n\n\n\n<p>Bajo el nombre de FEINJAL Feria Industrial Jalisco, en su primera edici\u00f3n, plantea ser una exposici\u00f3n referente en innovaci\u00f3n para profesionales; creada para promover las manufacturas, los servicios, las industrias y la fortaleza tur\u00edstica del estado de Jalisco, incluyendo activaciones y eventos simult\u00e1neos que enaltecen la identidad jalisciense.\u00a0<\/p>\n\n\n\n<figure class=\"wp-block-image size-large is-resized\"><a href=\"http:\/\/gdlfashion.com\/wp-content\/uploads\/2024\/02\/IMG_8389-scaled.jpg\"><img loading=\"lazy\" decoding=\"async\" width=\"1024\" height=\"977\" src=\"http:\/\/gdlfashion.com\/wp-content\/uploads\/2024\/02\/IMG_8389-1024x977.jpg\" alt=\"\" class=\"wp-image-19218\" style=\"width:383px;height:auto\" srcset=\"http:\/\/gdlfashion.com\/wp-content\/uploads\/2024\/02\/IMG_8389-1024x977.jpg 1024w, http:\/\/gdlfashion.com\/wp-content\/uploads\/2024\/02\/IMG_8389-300x286.jpg 300w, http:\/\/gdlfashion.com\/wp-content\/uploads\/2024\/02\/IMG_8389-768x733.jpg 768w, http:\/\/gdlfashion.com\/wp-content\/uploads\/2024\/02\/IMG_8389-1536x1466.jpg 1536w, http:\/\/gdlfashion.com\/wp-content\/uploads\/2024\/02\/IMG_8389-2048x1955.jpg 2048w\" sizes=\"(max-width: 1024px) 100vw, 1024px\" \/><\/a><\/figure>\n\n\n\n<p>Como parte de la presentaci\u00f3n, se se\u00f1alaron los objetivos del evento, los cuales buscan:&nbsp;<\/p>\n\n\n\n<ol>\n<li>Representatividad: al demostrar la solidez, amplitud e importancia de los sectores econ\u00f3micos de Jalisco; as\u00ed como,&nbsp;<\/li>\n\n\n\n<li>Promoci\u00f3n: siendo el foro por excelencia donde los sectores productivos de Jalisco se den a conocer.&nbsp;<\/li>\n<\/ol>\n\n\n\n<p>Este primer evento contar\u00e1 con una superficie de 45,000 metros cuadrados, con sectores como:&nbsp;<\/p>\n\n\n\n<ol>\n<li>Agroindustria.&nbsp;<\/li>\n\n\n\n<li>Alimentos y bebidas.&nbsp;<\/li>\n\n\n\n<li>Atracci\u00f3n de inversi\u00f3n y Nearshoring.&nbsp;<\/li>\n\n\n\n<li>Electromovilidad.&nbsp;<\/li>\n\n\n\n<li>Entidades gubernamentales.&nbsp;<\/li>\n\n\n\n<li>Industria del deporte.&nbsp;<\/li>\n\n\n\n<li>Industrias creativas.&nbsp;<\/li>\n\n\n\n<li>Industrias primarias.&nbsp;<\/li>\n\n\n\n<li>Manufacturas diversas.&nbsp;<\/li>\n\n\n\n<li>Salud y ciencias.&nbsp;<\/li>\n\n\n\n<li>Tecnolog\u00eda e innovaci\u00f3n.&nbsp;<\/li>\n\n\n\n<li>Turismo de reuniones.&nbsp;<\/li>\n<\/ol>\n\n\n\n<p>Esperando 13,000 asistentes nacionales e internacionales, entre ellos inversionistas, brokers, comercializadores, compradores especializados, empresarios y emprendedores.\u00a0<\/p>\n\n\n\n<figure class=\"wp-block-image size-large is-resized\"><a href=\"http:\/\/gdlfashion.com\/wp-content\/uploads\/2024\/02\/IMG_8426-scaled.jpg\"><img loading=\"lazy\" decoding=\"async\" width=\"1024\" height=\"683\" src=\"http:\/\/gdlfashion.com\/wp-content\/uploads\/2024\/02\/IMG_8426-1024x683.jpg\" alt=\"\" class=\"wp-image-19219\" style=\"width:455px;height:auto\" srcset=\"http:\/\/gdlfashion.com\/wp-content\/uploads\/2024\/02\/IMG_8426-1024x683.jpg 1024w, http:\/\/gdlfashion.com\/wp-content\/uploads\/2024\/02\/IMG_8426-300x200.jpg 300w, http:\/\/gdlfashion.com\/wp-content\/uploads\/2024\/02\/IMG_8426-768x512.jpg 768w, http:\/\/gdlfashion.com\/wp-content\/uploads\/2024\/02\/IMG_8426-1536x1024.jpg 1536w, http:\/\/gdlfashion.com\/wp-content\/uploads\/2024\/02\/IMG_8426-2048x1365.jpg 2048w\" sizes=\"(max-width: 1024px) 100vw, 1024px\" \/><\/a><\/figure>\n\n\n\n<p>FEINJAL es una exposici\u00f3n que revolucionar\u00e1 la industria de Jalisco, en la cual, durante 4 d\u00edas, del 19 al 22 de noviembre del 2024, participar\u00e1n entidades privadas como c\u00e1maras, asociaciones y empresas l\u00edderes de nuestro estado; adem\u00e1s de contar con la presencia de secretar\u00edas estatales, direcciones, entidades y organismos p\u00fablicos de los municipios de Jalisco como expositores.\u00a0<\/p>\n\n\n\n<p>Para m\u00e1s informaci\u00f3n sobre los eventos:&nbsp;<\/p>\n\n\n\n<p><a href=\"https:\/\/expoguadalajara.mx\/\">https:\/\/expoguadalajara.mx\/<\/a><\/p>\n\n\n\n<p><strong>Acerca de FEINJAL&nbsp;<\/strong><\/p>\n\n\n\n<p>Feria Industrial Jalisco, por sus siglas #FEINJAL, es una exposici\u00f3n profesional B2B y B2C, creada para promover las manufacturas, los servicios y la fortaleza tur\u00edstica del estado de Jalisco; incluye activaciones y eventos simult\u00e1neos que enaltecen la identidad Jalisciense.\u00a0<\/p>\n","protected":false},"excerpt":{"rendered":"<p>\u00a0Expo Guadalajara presenta su primer evento propio, la exposici\u00f3n que revolucionar\u00e1 la industria de Jalisco.\u00a0 #FEINJAL &nbsp;La espera termin\u00f3, Expo&hellip;<\/p>\n","protected":false},"author":2,"featured_media":19216,"comment_status":"open","ping_status":"closed","sticky":false,"template":"","format":"standard","meta":{"footnotes":""},"categories":[9,415,414,3],"tags":[],"_links":{"self":[{"href":"http:\/\/gdlfashion.com\/index.php?rest_route=\/wp\/v2\/posts\/19215"}],"collection":[{"href":"http:\/\/gdlfashion.com\/index.php?rest_route=\/wp\/v2\/posts"}],"about":[{"href":"http:\/\/gdlfashion.com\/index.php?rest_route=\/wp\/v2\/types\/post"}],"author":[{"embeddable":true,"href":"http:\/\/gdlfashion.com\/index.php?rest_route=\/wp\/v2\/users\/2"}],"replies":[{"embeddable":true,"href":"http:\/\/gdlfashion.com\/index.php?rest_route=%2Fwp%2Fv2%2Fcomments&post=19215"}],"version-history":[{"count":1,"href":"http:\/\/gdlfashion.com\/index.php?rest_route=\/wp\/v2\/posts\/19215\/revisions"}],"predecessor-version":[{"id":19220,"href":"http:\/\/gdlfashion.com\/index.php?rest_route=\/wp\/v2\/posts\/19215\/revisions\/19220"}],"wp:featuredmedia":[{"embeddable":true,"href":"http:\/\/gdlfashion.com\/index.php?rest_route=\/wp\/v2\/media\/19216"}],"wp:attachment":[{"href":"http:\/\/gdlfashion.com\/index.php?rest_route=%2Fwp%2Fv2%2Fmedia&parent=19215"}],"wp:term":[{"taxonomy":"category","embeddable":true,"href":"http:\/\/gdlfashion.com\/index.php?rest_route=%2Fwp%2Fv2%2Fcategories&post=19215"},{"taxonomy":"post_tag","embeddable":true,"href":"http:\/\/gdlfashion.com\/index.php?rest_route=%2Fwp%2Fv2%2Ftags&post=19215"}],"curies":[{"name":"wp","href":"https:\/\/api.w.org\/{rel}","templated":true}]}}