{"id":19040,"date":"2024-02-03T14:52:00","date_gmt":"2024-02-03T14:52:00","guid":{"rendered":"https:\/\/gdlfashion.com\/?p=19040"},"modified":"2024-01-24T03:01:18","modified_gmt":"2024-01-24T03:01:18","slug":"la-dahlia","status":"publish","type":"post","link":"http:\/\/gdlfashion.com\/?p=19040","title":{"rendered":"La DAHLIA"},"content":{"rendered":"\n<p><strong>Josefina by Vero Sol\u00eds <\/strong>ser\u00e1 la marca encargada de inaugurar la <strong>edici\u00f3n #80 <\/strong>de <strong>Intermoda<\/strong>,\u00a0 originaria de la ciudad de Monterrey, fue fundada en Agosto del 2015 por la dise\u00f1adora\u00a0regiomontana <strong>Ver\u00f3nica Sol\u00eds Labra.<\/strong><\/p>\n\n\n\n<p>Josefina nace desde el amor a <strong>M\u00e9xico<\/strong>; \u201cInici\u00e9 la marca inspir\u00e1ndome en elementos de la\u00a0cultura mexicana tales como: estampados mexicanos, im\u00e1genes ic\u00f3nicas y frases del folclore\u00a0mexicano\u201d. El ADN de Josefina son sus estampados y bordados a mano.<\/p>\n\n\n\n<p>En esta edici\u00f3n #80 Josefina se prepara para presentar <strong>La Dahlia, <\/strong>colecci\u00f3n inspirada en esta flor nacional cultivada por el pueblo azteca. La colecci\u00f3n constar\u00e1 de 44 salidas, las cuales se dividen en dos l\u00edneas: las primeras 22 salidas ser\u00e1n de la l\u00ednea <strong>Mexican chic <\/strong>(una de las l\u00edneas cl\u00e1sicas de la marca), y las pr\u00f3ximas 22 salidas ser\u00e1n de la nueva colecci\u00f3n \u201cLa Dahlia\u201d.<\/p>\n\n\n\n<figure class=\"wp-block-gallery has-nested-images columns-default is-cropped wp-block-gallery-1 is-layout-flex wp-block-gallery-is-layout-flex\">\n<figure class=\"wp-block-image size-large\"><a href=\"https:\/\/gdlfashion.com\/wp-content\/uploads\/2024\/01\/Vero-Solis-0-scaled.jpg\"><img loading=\"lazy\" decoding=\"async\" width=\"683\" height=\"1024\" data-id=\"19043\" src=\"https:\/\/gdlfashion.com\/wp-content\/uploads\/2024\/01\/Vero-Solis-0-683x1024.jpg\" alt=\"\" class=\"wp-image-19043\" srcset=\"http:\/\/gdlfashion.com\/wp-content\/uploads\/2024\/01\/Vero-Solis-0-683x1024.jpg 683w, http:\/\/gdlfashion.com\/wp-content\/uploads\/2024\/01\/Vero-Solis-0-200x300.jpg 200w, http:\/\/gdlfashion.com\/wp-content\/uploads\/2024\/01\/Vero-Solis-0-768x1152.jpg 768w, http:\/\/gdlfashion.com\/wp-content\/uploads\/2024\/01\/Vero-Solis-0-1024x1536.jpg 1024w, http:\/\/gdlfashion.com\/wp-content\/uploads\/2024\/01\/Vero-Solis-0-1365x2048.jpg 1365w, http:\/\/gdlfashion.com\/wp-content\/uploads\/2024\/01\/Vero-Solis-0-scaled.jpg 1707w\" sizes=\"(max-width: 683px) 100vw, 683px\" \/><\/a><\/figure>\n\n\n\n<figure class=\"wp-block-image size-large\"><a href=\"https:\/\/gdlfashion.com\/wp-content\/uploads\/2024\/01\/Vero-Solis-1-scaled.jpg\"><img loading=\"lazy\" decoding=\"async\" width=\"683\" height=\"1024\" data-id=\"19041\" src=\"https:\/\/gdlfashion.com\/wp-content\/uploads\/2024\/01\/Vero-Solis-1-683x1024.jpg\" alt=\"\" class=\"wp-image-19041\" srcset=\"http:\/\/gdlfashion.com\/wp-content\/uploads\/2024\/01\/Vero-Solis-1-683x1024.jpg 683w, http:\/\/gdlfashion.com\/wp-content\/uploads\/2024\/01\/Vero-Solis-1-200x300.jpg 200w, http:\/\/gdlfashion.com\/wp-content\/uploads\/2024\/01\/Vero-Solis-1-768x1152.jpg 768w, http:\/\/gdlfashion.com\/wp-content\/uploads\/2024\/01\/Vero-Solis-1-1024x1536.jpg 1024w, http:\/\/gdlfashion.com\/wp-content\/uploads\/2024\/01\/Vero-Solis-1-1365x2048.jpg 1365w, http:\/\/gdlfashion.com\/wp-content\/uploads\/2024\/01\/Vero-Solis-1-scaled.jpg 1707w\" sizes=\"(max-width: 683px) 100vw, 683px\" \/><\/a><\/figure>\n\n\n\n<figure class=\"wp-block-image size-large\"><a href=\"https:\/\/gdlfashion.com\/wp-content\/uploads\/2024\/01\/Vero-Solis-2-scaled.jpg\"><img loading=\"lazy\" decoding=\"async\" width=\"683\" height=\"1024\" data-id=\"19042\" src=\"https:\/\/gdlfashion.com\/wp-content\/uploads\/2024\/01\/Vero-Solis-2-683x1024.jpg\" alt=\"\" class=\"wp-image-19042\" srcset=\"http:\/\/gdlfashion.com\/wp-content\/uploads\/2024\/01\/Vero-Solis-2-683x1024.jpg 683w, http:\/\/gdlfashion.com\/wp-content\/uploads\/2024\/01\/Vero-Solis-2-200x300.jpg 200w, http:\/\/gdlfashion.com\/wp-content\/uploads\/2024\/01\/Vero-Solis-2-768x1152.jpg 768w, http:\/\/gdlfashion.com\/wp-content\/uploads\/2024\/01\/Vero-Solis-2-1024x1536.jpg 1024w, http:\/\/gdlfashion.com\/wp-content\/uploads\/2024\/01\/Vero-Solis-2-1365x2048.jpg 1365w, http:\/\/gdlfashion.com\/wp-content\/uploads\/2024\/01\/Vero-Solis-2-scaled.jpg 1707w\" sizes=\"(max-width: 683px) 100vw, 683px\" \/><\/a><\/figure>\n<\/figure>\n\n\n\n<p>Para <strong>Vero Sol\u00eds, <\/strong>directora creativa de la marca Josefina es un gran reto y una gran oportunidad de crecimiento. \u201cEstoy muy emocionada de poder presentar la colecci\u00f3n en esta gran\u00a0plataforma como es Intermoda en su 80 aniversario. Espero sea del agrado del p\u00fablico, ya que la hacemos con todo el coraz\u00f3n\u201d. El reto m\u00e1s grande para Vero Sol\u00eds en esta presentaci\u00f3n es fusionar dos colecciones tan\u00a0diferentes en un solo concepto. <\/p>\n\n\n\n<p><strong>Josefina <\/strong>es una marca con un toque mexicano se caracteriza por sus dise\u00f1os inspirados en el folclor mexicano,\u00a0 destacando nuestra cultura y tradici\u00f3n de una manera \u00fanica, creando una tendencia que denominamos <strong>Mexican Chic.<\/strong><\/p>\n\n\n\n<figure class=\"wp-block-gallery has-nested-images columns-default is-cropped wp-block-gallery-2 is-layout-flex wp-block-gallery-is-layout-flex\">\n<figure class=\"wp-block-image size-large\"><a href=\"https:\/\/gdlfashion.com\/wp-content\/uploads\/2024\/01\/Vero-Solis-3-scaled.jpg\"><img loading=\"lazy\" decoding=\"async\" width=\"683\" height=\"1024\" data-id=\"19045\" src=\"https:\/\/gdlfashion.com\/wp-content\/uploads\/2024\/01\/Vero-Solis-3-683x1024.jpg\" alt=\"\" class=\"wp-image-19045\" srcset=\"http:\/\/gdlfashion.com\/wp-content\/uploads\/2024\/01\/Vero-Solis-3-683x1024.jpg 683w, http:\/\/gdlfashion.com\/wp-content\/uploads\/2024\/01\/Vero-Solis-3-200x300.jpg 200w, http:\/\/gdlfashion.com\/wp-content\/uploads\/2024\/01\/Vero-Solis-3-768x1152.jpg 768w, http:\/\/gdlfashion.com\/wp-content\/uploads\/2024\/01\/Vero-Solis-3-1024x1536.jpg 1024w, http:\/\/gdlfashion.com\/wp-content\/uploads\/2024\/01\/Vero-Solis-3-1365x2048.jpg 1365w, http:\/\/gdlfashion.com\/wp-content\/uploads\/2024\/01\/Vero-Solis-3-scaled.jpg 1707w\" sizes=\"(max-width: 683px) 100vw, 683px\" \/><\/a><\/figure>\n\n\n\n<figure class=\"wp-block-image size-large\"><a href=\"https:\/\/gdlfashion.com\/wp-content\/uploads\/2024\/01\/Vero-Solis-4-scaled.jpg\"><img loading=\"lazy\" decoding=\"async\" width=\"683\" height=\"1024\" data-id=\"19044\" src=\"https:\/\/gdlfashion.com\/wp-content\/uploads\/2024\/01\/Vero-Solis-4-683x1024.jpg\" alt=\"\" class=\"wp-image-19044\" srcset=\"http:\/\/gdlfashion.com\/wp-content\/uploads\/2024\/01\/Vero-Solis-4-683x1024.jpg 683w, http:\/\/gdlfashion.com\/wp-content\/uploads\/2024\/01\/Vero-Solis-4-200x300.jpg 200w, http:\/\/gdlfashion.com\/wp-content\/uploads\/2024\/01\/Vero-Solis-4-768x1152.jpg 768w, http:\/\/gdlfashion.com\/wp-content\/uploads\/2024\/01\/Vero-Solis-4-1024x1536.jpg 1024w, http:\/\/gdlfashion.com\/wp-content\/uploads\/2024\/01\/Vero-Solis-4-1365x2048.jpg 1365w, http:\/\/gdlfashion.com\/wp-content\/uploads\/2024\/01\/Vero-Solis-4-scaled.jpg 1707w\" sizes=\"(max-width: 683px) 100vw, 683px\" \/><\/a><\/figure>\n<\/figure>\n\n\n\n<p>En cada dise\u00f1o plasmamos lo que representa nuestro pa\u00eds, resaltando ciertos elementos como: su iconograf\u00eda, personajes c\u00e9lebres, juegos populares, plantas, flores \u00e9tnicas, elementos prehisp\u00e1nicos, extensa artesan\u00eda y variedad de textiles.&nbsp;<\/p>\n\n\n\n<p>La cualidad de nuestras prendas est\u00e1 en el <strong>bordado a mano<\/strong>, ya que su decorado consiste en pedrer\u00eda, cristales, estoperoles y diferentes aplicaciones que las hacen \u00fanicas: todo esto con una mezcla de texturas mexicanas que le dan el toque chic y vanguardista que nos distingue.<\/p>\n","protected":false},"excerpt":{"rendered":"<p>Josefina by Vero Sol\u00eds ser\u00e1 la marca encargada de inaugurar la edici\u00f3n #80 de Intermoda,\u00a0 originaria de la ciudad de&hellip;<\/p>\n","protected":false},"author":2,"featured_media":19046,"comment_status":"open","ping_status":"closed","sticky":false,"template":"","format":"standard","meta":{"footnotes":""},"categories":[412,9,414],"tags":[],"_links":{"self":[{"href":"http:\/\/gdlfashion.com\/index.php?rest_route=\/wp\/v2\/posts\/19040"}],"collection":[{"href":"http:\/\/gdlfashion.com\/index.php?rest_route=\/wp\/v2\/posts"}],"about":[{"href":"http:\/\/gdlfashion.com\/index.php?rest_route=\/wp\/v2\/types\/post"}],"author":[{"embeddable":true,"href":"http:\/\/gdlfashion.com\/index.php?rest_route=\/wp\/v2\/users\/2"}],"replies":[{"embeddable":true,"href":"http:\/\/gdlfashion.com\/index.php?rest_route=%2Fwp%2Fv2%2Fcomments&post=19040"}],"version-history":[{"count":1,"href":"http:\/\/gdlfashion.com\/index.php?rest_route=\/wp\/v2\/posts\/19040\/revisions"}],"predecessor-version":[{"id":19047,"href":"http:\/\/gdlfashion.com\/index.php?rest_route=\/wp\/v2\/posts\/19040\/revisions\/19047"}],"wp:featuredmedia":[{"embeddable":true,"href":"http:\/\/gdlfashion.com\/index.php?rest_route=\/wp\/v2\/media\/19046"}],"wp:attachment":[{"href":"http:\/\/gdlfashion.com\/index.php?rest_route=%2Fwp%2Fv2%2Fmedia&parent=19040"}],"wp:term":[{"taxonomy":"category","embeddable":true,"href":"http:\/\/gdlfashion.com\/index.php?rest_route=%2Fwp%2Fv2%2Fcategories&post=19040"},{"taxonomy":"post_tag","embeddable":true,"href":"http:\/\/gdlfashion.com\/index.php?rest_route=%2Fwp%2Fv2%2Ftags&post=19040"}],"curies":[{"name":"wp","href":"https:\/\/api.w.org\/{rel}","templated":true}]}}