{"id":18693,"date":"2023-11-27T18:05:29","date_gmt":"2023-11-27T18:05:29","guid":{"rendered":"https:\/\/gdlfashion.com\/?p=18693"},"modified":"2023-11-27T18:10:06","modified_gmt":"2023-11-27T18:10:06","slug":"mario-campero","status":"publish","type":"post","link":"http:\/\/gdlfashion.com\/?p=18693","title":{"rendered":"Mario Campero"},"content":{"rendered":"\n<h3 class=\"wp-block-heading\">Experiencia Friesen 2023<\/h3>\n\n\n<div class=\"wp-block-image\">\n<figure class=\"alignleft size-large is-resized\"><a href=\"https:\/\/gdlfashion.com\/wp-content\/uploads\/2023\/11\/Mario.jpg\"><img loading=\"lazy\" decoding=\"async\" src=\"https:\/\/gdlfashion.com\/wp-content\/uploads\/2023\/11\/Mario-819x1024.jpg\" alt=\"\" class=\"wp-image-18695\" width=\"372\" height=\"465\" srcset=\"http:\/\/gdlfashion.com\/wp-content\/uploads\/2023\/11\/Mario-819x1024.jpg 819w, http:\/\/gdlfashion.com\/wp-content\/uploads\/2023\/11\/Mario-240x300.jpg 240w, http:\/\/gdlfashion.com\/wp-content\/uploads\/2023\/11\/Mario-768x960.jpg 768w, http:\/\/gdlfashion.com\/wp-content\/uploads\/2023\/11\/Mario.jpg 1062w\" sizes=\"(max-width: 372px) 100vw, 372px\" \/><\/a><\/figure><\/div>\n\n\n<p>Nos abre las puertas del Rancho \u201cEl descanso\u201d para platicar del magno evento de la experiencia Friesen, que se lleva a cabo tradicionalmente cada a\u00f1o.<\/p>\n\n\n\n<p>-Bienvenidos, esta es su casa.<\/p>\n\n\n\n<p>Fuimos recibidos por el empresario para iniciar con nuestra entrevista.<\/p>\n\n\n\n<p>Un gusto estar aqu\u00ed en este bello espacio con la naturaleza y precisamente para hablar de esta experiencia.<\/p>\n\n\n\n<p><strong>\u00bfC\u00f3mo es que nace el amor por esta raza?<\/strong><\/p>\n\n\n\n<p>-Inicie con el gusto a los caballos recorriendo todas las razas y cuando llegue a conocer la Friesian me enamore de ese caballo, el m\u00e1s espectacular que hay en el mundo es el m\u00e1s majestuoso, est\u00e1 considerada as\u00ed, esa raza es f\u00e1cil enamorarte de \u00e9l y ah\u00ed fue que decid\u00ed enfocarme en esta raza realmente es espectacular.<\/p>\n\n\n\n<p><strong>Entonces, \u00bfa partir de cuando nace ese amor por ellos?<\/strong><\/p>\n\n\n\n<p>-Hace 15 a\u00f1os aproximadamente a mi esposa siempre le gustaron los caballos y de ah\u00ed empezamos un poquito con el gusto hasta que tuvimos la oportunidad de tener un caballo y de ah\u00ed una vez que tienes un caballo quedas enamorado de ellos ya nunca te separas y ah\u00ed empezamos este gusto por los caballos, sin embargo, como criadero aqu\u00ed en el rancho tenemos 10 a\u00f1os enfocados en dos razas una que es la Friesian y otra que es Gypsi Vanner.<\/p>\n\n\n\n<figure class=\"wp-block-image size-large is-resized\"><a href=\"https:\/\/gdlfashion.com\/wp-content\/uploads\/2023\/11\/2daNov31.jpg\"><img loading=\"lazy\" decoding=\"async\" src=\"https:\/\/gdlfashion.com\/wp-content\/uploads\/2023\/11\/2daNov31-1024x640.jpg\" alt=\"\" class=\"wp-image-18696\" width=\"617\" height=\"385\" srcset=\"http:\/\/gdlfashion.com\/wp-content\/uploads\/2023\/11\/2daNov31-1024x640.jpg 1024w, http:\/\/gdlfashion.com\/wp-content\/uploads\/2023\/11\/2daNov31-300x188.jpg 300w, http:\/\/gdlfashion.com\/wp-content\/uploads\/2023\/11\/2daNov31-768x480.jpg 768w, http:\/\/gdlfashion.com\/wp-content\/uploads\/2023\/11\/2daNov31-1536x960.jpg 1536w, http:\/\/gdlfashion.com\/wp-content\/uploads\/2023\/11\/2daNov31-2048x1280.jpg 2048w\" sizes=\"(max-width: 617px) 100vw, 617px\" \/><\/a><\/figure>\n\n\n\n<p><strong>\u00bfY qu\u00e9 diferencia hay entre ambas razas?<\/strong><\/p>\n\n\n\n<p>-Bueno, si son muy diferentes ambos son de pa\u00edses fr\u00edos, la raza Friesian viene de Holanda, de pa\u00edses bajos es la raza que est\u00e1 presidida por el reinado de Holanda que cuida la raza y la Gypsi Vanner viene de Irlanda es el caballo que tradicionalmente tra\u00edan los gitanos que jalaban las carretas, ambas razas empiezan de tiro jalando carretas, hoy por hoy se han ido haciendo m\u00e1s Sport para que ya se puedan montar y se utilicen para el deporte.<\/p>\n\n\n\n<p><strong>Estos eventos son muy conocidos a nivel mundial y la verdad son muy exitosos.<\/strong><\/p>\n\n\n\n<p><strong>\u00bfQu\u00e9 piensa que los hacen muy exitosos?<\/strong><\/p>\n\n\n\n<p>-Bueno nosotros iniciamos por qu\u00e9 en pa\u00edses bajos hacen un evento anual en enero donde participan los mejores friesones, nosotros conocimos ah\u00ed este deporte as\u00ed empezamos a ir cada a\u00f1o, son unos eventos espectaculares por eso quisimos transmitir eso que se hace all\u00e1 aqu\u00ed en M\u00e9xico, nos preparamos empezamos analizar como podr\u00e1 ser un evento de caballos donde la gente lo disfrutara y por eso iniciamos hace aproximadamente 8 a\u00f1os haciendo el primer evento, hab\u00eda mucha expectativa por el primer evento ya hab\u00eda habido eventos en M\u00e9xico, pero eran petic nada m\u00e1s con el que llevaba su caballo, no hab\u00eda difusi\u00f3n, no hab\u00eda p\u00fablico, nosotros nuestro enfoque desde un principio fue prepararnos para que fuera gente, para que la gente disfrutara por eso nos preparamos y logramos un \u00e9xito rotundo desde la primera ocasi\u00f3n y de ah\u00ed ha sido tradici\u00f3n excepto en la pandemia y hoy por hoy nos visitan de diferentes lugares del mundo y nos siguen en todo el mundo.<\/p>\n\n\n\n<figure class=\"wp-block-image size-large is-resized\"><a href=\"https:\/\/gdlfashion.com\/wp-content\/uploads\/2023\/11\/2daNov32.jpg\"><img loading=\"lazy\" decoding=\"async\" src=\"https:\/\/gdlfashion.com\/wp-content\/uploads\/2023\/11\/2daNov32-1024x640.jpg\" alt=\"\" class=\"wp-image-18698\" width=\"590\" height=\"369\" srcset=\"http:\/\/gdlfashion.com\/wp-content\/uploads\/2023\/11\/2daNov32-1024x640.jpg 1024w, http:\/\/gdlfashion.com\/wp-content\/uploads\/2023\/11\/2daNov32-300x188.jpg 300w, http:\/\/gdlfashion.com\/wp-content\/uploads\/2023\/11\/2daNov32-768x480.jpg 768w, http:\/\/gdlfashion.com\/wp-content\/uploads\/2023\/11\/2daNov32-1536x960.jpg 1536w, http:\/\/gdlfashion.com\/wp-content\/uploads\/2023\/11\/2daNov32-2048x1280.jpg 2048w\" sizes=\"(max-width: 590px) 100vw, 590px\" \/><\/a><\/figure>\n\n\n\n<p><strong>\u00bfEs dif\u00edcil la crianza de ambas razas?<\/strong><\/p>\n\n\n\n<p>-Si es muy dif\u00edcil, es una raza fr\u00eda y eso cuesta m\u00e1s trabajo y luego hay que adaptarlos al clima, entonces si es complicado, es un aprendizaje, hay que hacerte especialista en la crianza del caballo, en la crianza de este tipo de raza que si ha sido muy complicado, pero hoy por hoy sigue siendo el mismo m\u00e9dico que ya se especializ\u00f3, empezamos a prueba y error y hoy por hoy tenemos \u00e9l un alto grado de efectividad en la crianza del caballo.<\/p>\n\n\n\n<p><strong>\u00bfY estos caballos los podemos encontrar en alg\u00fan otro lado aqu\u00ed en M\u00e9xico?<\/strong><\/p>\n\n\n\n<p>-Si en M\u00e9xico el caballo, sobre todo el Friesian es muy popular, los tres pa\u00edses en el mundo es obviamente pa\u00edses bajos que es de donde es la raza, estados unidos y despu\u00e9s M\u00e9xico, en el pa\u00eds hay much\u00edsimo caballo Friesian hoy por hoy es la raza m\u00e1s buscada en nuestro territorio nacional.<\/p>\n\n\n\n<p><strong>\u00bfY como en que tipos de eventos es para que los caballos est\u00e9n luciendo?<\/strong><\/p>\n\n\n\n<p>-Es un caballo majestuoso, es un caballo espectacular todos son negros, son de gran alzada es un caballo hermoso ahora bien en M\u00e9xico se usa mucho para el baile no es lo que m\u00e1s gusta sobre todo en pa\u00edses bajos que se utilice para eso porque realmente muchas veces se lastiman o se les hace hacer movimientos at\u00edpicos el caballo realmente es para el adiestramiento es para el movimiento natural del caballo es un caballo con grandes movimientos para hacerlo en conjunto en binomio con el jinete si hay un tema hay un poquito que en pa\u00edses bajos no les encanta como se maneja el caballo Friesian en M\u00e9xico. Por ese tema, porque aqu\u00ed en M\u00e9xico hay much\u00edsimos lugares donde se presentan los caballos, pero muchos son para concursos de baile, lo cual all\u00e1 no les gusta, nosotros buscamos las l\u00edneas que marcan la kfps en holanda en pa\u00edses bajos, que es sus movimientos naturales sin maltrato.<\/p>\n\n\n\n<figure class=\"wp-block-image size-large is-resized\"><a href=\"https:\/\/gdlfashion.com\/wp-content\/uploads\/2023\/11\/2daNov33.jpg\"><img loading=\"lazy\" decoding=\"async\" src=\"https:\/\/gdlfashion.com\/wp-content\/uploads\/2023\/11\/2daNov33-1024x640.jpg\" alt=\"\" class=\"wp-image-18699\" width=\"610\" height=\"381\" srcset=\"http:\/\/gdlfashion.com\/wp-content\/uploads\/2023\/11\/2daNov33-1024x640.jpg 1024w, http:\/\/gdlfashion.com\/wp-content\/uploads\/2023\/11\/2daNov33-300x188.jpg 300w, http:\/\/gdlfashion.com\/wp-content\/uploads\/2023\/11\/2daNov33-768x480.jpg 768w, http:\/\/gdlfashion.com\/wp-content\/uploads\/2023\/11\/2daNov33-1536x960.jpg 1536w, http:\/\/gdlfashion.com\/wp-content\/uploads\/2023\/11\/2daNov33-2048x1280.jpg 2048w\" sizes=\"(max-width: 610px) 100vw, 610px\" \/><\/a><\/figure>\n\n\n\n<p>Buscamos cero maltrato animal como es en Holanda, es el respeto a los caballos, a los animales y entonces sus movimientos son para adiestramiento, es un caballo que lo vas a utilizar para el deporte o lo vas a utilizar para el paseo, es un caballo muy noble a pesar de su altura es un caballo muy noble impone, pero son muy nobles.<\/p>\n\n\n\n<p><strong>En esta quinta edici\u00f3n que se llevara a cabo este 2 de diciembre \u00bfQu\u00e9 es lo que podemos encontrar?<\/strong><\/p>\n\n\n\n<p>-Bueno, los eventos no nada m\u00e1s son de caballos, es un conjunto de cosas, es arte en diferentes aspectos, uno es los caballos y shows de caballos, tenemos shows de caballos con el principal Nico que es la estrella a riendas largas con su entrenador, tenemos los Gypsi Vanner en libertad.<\/p>\n\n\n\n<p>Donde es muy dif\u00edcil que dos caballos sementales puedan convivir, aqu\u00ed no nada m\u00e1s, son dos sementales que son padre e hijo y conviven los dos haciendo tablas de libertad con m\u00fasica, vamos a tener adiestramiento, vamos a tener carretas, eso es en el \u00e1rea de caballo, tambi\u00e9n tenemos artista pl\u00e1sticos invitados donde pintan en vivo donde est\u00e1n interviniendo varias obras tenemos excelentes artistas del arte vienen 7 artistas pl\u00e1sticos.<\/p>\n\n\n\n<figure class=\"wp-block-image size-full is-resized\"><a href=\"https:\/\/gdlfashion.com\/wp-content\/uploads\/2023\/11\/IMG_2644-scaled.jpg\"><img loading=\"lazy\" decoding=\"async\" src=\"https:\/\/gdlfashion.com\/wp-content\/uploads\/2023\/11\/IMG_2644-scaled.jpg\" alt=\"\" class=\"wp-image-18700\" width=\"606\" height=\"404\" srcset=\"http:\/\/gdlfashion.com\/wp-content\/uploads\/2023\/11\/IMG_2644-scaled.jpg 2560w, http:\/\/gdlfashion.com\/wp-content\/uploads\/2023\/11\/IMG_2644-300x200.jpg 300w, http:\/\/gdlfashion.com\/wp-content\/uploads\/2023\/11\/IMG_2644-768x512.jpg 768w, http:\/\/gdlfashion.com\/wp-content\/uploads\/2023\/11\/IMG_2644-2048x1365.jpg 2048w\" sizes=\"(max-width: 606px) 100vw, 606px\" \/><\/a><\/figure>\n\n\n\n<p>Entonces tenemos mucho arte, tenemos m\u00fasica, excelentes grupos, siempre tenemos excelentes grupos de m\u00fasica para que la gente se divierta, tenemos excelente comida, tenemos bebida, entonces esto si es muy social, es un evento sumamente familiar, afortunadamente tenemos mucha demanda.<\/p>\n\n\n\n<p>Vamos haciendo los eventos de diferentes maneras de acuerdo al sentido que les queremos dar, en algunos los hemos hecho muy masivos hasta tres mil personas, en otros los hacemos m\u00e1s reducidos como en esta ocasi\u00f3n donde buscamos una atenci\u00f3n m\u00e1s especializada a cada invitado que llega en esta ocasi\u00f3n va a ser as\u00ed y donde se accede a trav\u00e9s de una invitaci\u00f3n, solo si conoces a uno de los rps del rancho te comunicas con \u00e9l y una vez que tengas tu invitaci\u00f3n puedes obtener el acceso al evento.<\/p>\n\n\n\n<figure class=\"wp-block-image size-full is-resized\"><a href=\"https:\/\/gdlfashion.com\/wp-content\/uploads\/2023\/11\/IMG_2665-scaled.jpg\"><img loading=\"lazy\" decoding=\"async\" src=\"https:\/\/gdlfashion.com\/wp-content\/uploads\/2023\/11\/IMG_2665-scaled.jpg\" alt=\"\" class=\"wp-image-18701\" width=\"566\" height=\"377\" srcset=\"http:\/\/gdlfashion.com\/wp-content\/uploads\/2023\/11\/IMG_2665-scaled.jpg 2560w, http:\/\/gdlfashion.com\/wp-content\/uploads\/2023\/11\/IMG_2665-300x200.jpg 300w, http:\/\/gdlfashion.com\/wp-content\/uploads\/2023\/11\/IMG_2665-768x512.jpg 768w, http:\/\/gdlfashion.com\/wp-content\/uploads\/2023\/11\/IMG_2665-2048x1365.jpg 2048w\" sizes=\"(max-width: 566px) 100vw, 566px\" \/><\/a><\/figure>\n\n\n\n<p><strong>\u00bfY d\u00f3nde pueden localizar a los rp?<\/strong><\/p>\n\n\n\n<p>-Hay que buscarlos en la p\u00e1gina tanto en Instagram como en Facebook y mandar un mensaje o si ya conocen a alguno de los rps y han tenido contacto con ellos, es mucho m\u00e1s f\u00e1cil, es directo y es la \u00fanica forma de acceso a trav\u00e9s de ellos, no hay venta, no hay lugares donde se puedan adquirir, afortunadamente tenemos tanta aceptaci\u00f3n que hoy por hoy pr\u00e1cticamente ya estamos llenos, sin embargo, nos dar\u00eda much\u00edsimo gusto que siga habiendo gente que si podemos con mucho gusto las recibimos.<\/p>\n\n\n\n<p>Much\u00edsimas gracias, ya saben todos los amantes del arte, de los caballos que est\u00e1n interesados, b\u00fasquenlos en las redes, los pueden encontrar y con estos preciosos caballos aqu\u00ed, Gracias, p\u00fablico de GDLFashion, hasta la pr\u00f3xima.<\/p>\n","protected":false},"excerpt":{"rendered":"<p>Experiencia Friesen 2023 Nos abre las puertas del Rancho \u201cEl descanso\u201d para platicar del magno evento de la experiencia Friesen,&hellip;<\/p>\n","protected":false},"author":2,"featured_media":18702,"comment_status":"open","ping_status":"closed","sticky":false,"template":"","format":"standard","meta":{"footnotes":""},"categories":[418,416,417,9,415,414],"tags":[],"_links":{"self":[{"href":"http:\/\/gdlfashion.com\/index.php?rest_route=\/wp\/v2\/posts\/18693"}],"collection":[{"href":"http:\/\/gdlfashion.com\/index.php?rest_route=\/wp\/v2\/posts"}],"about":[{"href":"http:\/\/gdlfashion.com\/index.php?rest_route=\/wp\/v2\/types\/post"}],"author":[{"embeddable":true,"href":"http:\/\/gdlfashion.com\/index.php?rest_route=\/wp\/v2\/users\/2"}],"replies":[{"embeddable":true,"href":"http:\/\/gdlfashion.com\/index.php?rest_route=%2Fwp%2Fv2%2Fcomments&post=18693"}],"version-history":[{"count":3,"href":"http:\/\/gdlfashion.com\/index.php?rest_route=\/wp\/v2\/posts\/18693\/revisions"}],"predecessor-version":[{"id":18703,"href":"http:\/\/gdlfashion.com\/index.php?rest_route=\/wp\/v2\/posts\/18693\/revisions\/18703"}],"wp:featuredmedia":[{"embeddable":true,"href":"http:\/\/gdlfashion.com\/index.php?rest_route=\/wp\/v2\/media\/18702"}],"wp:attachment":[{"href":"http:\/\/gdlfashion.com\/index.php?rest_route=%2Fwp%2Fv2%2Fmedia&parent=18693"}],"wp:term":[{"taxonomy":"category","embeddable":true,"href":"http:\/\/gdlfashion.com\/index.php?rest_route=%2Fwp%2Fv2%2Fcategories&post=18693"},{"taxonomy":"post_tag","embeddable":true,"href":"http:\/\/gdlfashion.com\/index.php?rest_route=%2Fwp%2Fv2%2Ftags&post=18693"}],"curies":[{"name":"wp","href":"https:\/\/api.w.org\/{rel}","templated":true}]}}